{"id":127750,"date":"2026-04-28T08:20:41","date_gmt":"2026-04-28T11:20:41","guid":{"rendered":"https:\/\/monitoramento.spmj.com.br\/noticias\/?p=127750"},"modified":"2026-04-28T08:20:41","modified_gmt":"2026-04-28T11:20:41","slug":"agua-fresca-para-flores-ganha-adaptacao-teatral-no-teatro-uol","status":"publish","type":"post","link":"https:\/\/monitoramento.spmj.com.br\/noticias\/2026\/04\/28\/agua-fresca-para-flores-ganha-adaptacao-teatral-no-teatro-uol\/","title":{"rendered":"&#8220;\u00c1gua Fresca para Flores&#8221; ganha adapta\u00e7\u00e3o teatral no Teatro UOL"},"content":{"rendered":"<div class=\"col col-md-9 col-xs-12\" data-v-fcae744c=\"\">\n<div class=\"q-card q-card--bordered q-card--flat no-shadow\" data-v-fcae744c=\"\">\n<div class=\"q-card__section q-card__section--vert\" data-v-fcae744c=\"\">\n<div class=\"texto\" data-v-fcae744c=\"\">\n<div class=\"noticia-texto\">\n<p>Best-seller franc\u00eas inspira montagem in\u00e9dita na Am\u00e9rica Latina em S\u00e3o Paulo<\/p>\n<p>Foto: Divulga\u00e7\u00e3o<\/p>\n<p>&#8220;\u00c1gua Fresca para Flores&#8221;<\/p>\n<p>Best-seller franc\u00eas ganha adapta\u00e7\u00e3o teatral em temporada no\u00a0<span id=\"CHAVE_182\" title=\"182\/10 | 798867\">Teatro UOL<\/span>\u00a0a partir de 31 de maio<\/p>\n<p>Publicado no Brasil em 2022, romance de Val\u00e9rie Perrin virou fen\u00f4meno na Europa e inspira primeira montagem latino-americana da obra<\/p>\n<p>Estreia no pr\u00f3ximo dia 31 de maio, no\u00a0<span id=\"CHAVE_389\" title=\"389\/10 | 798867\">Teatro UOL<\/span>, no\u00a0<span id=\"CHAVE_404\" title=\"404\/21 | 798837\">Shopping Higien\u00f3polis<\/span>, o espet\u00e1culo &#8220;\u00c1gua Fresca para Flores&#8221;. A montagem adapta o romance hom\u00f4nimo da escritora francesa Val\u00e9rie Perrin, que foi traduzido para mais de 40 idiomas, vendeu mais de 1,5 milh\u00e3o de exemplares na Fran\u00e7a e na It\u00e1lia, e atualmente est\u00e1 sendo adaptado para o cinema. Esta \u00e9 a primeira encena\u00e7\u00e3o da obra na Am\u00e9rica Latina &#8211; h\u00e1 apenas uma montagem anterior, francesa.<\/p>\n<p>Com sess\u00f5es aos s\u00e1bados e domingos, \u00e0s 18h, o espet\u00e1culo tem adapta\u00e7\u00e3o e dire\u00e7\u00e3o de Bruno Costa e traz Marcella Muniz no papel da protagonista Violette Toussaint.<\/p>\n<p>Ap\u00f3s temporada de estreia no Rio de Janeiro, a pe\u00e7a chega a S\u00e3o Paulo mantendo o lirismo e a delicadeza que consagraram a obra liter\u00e1ria. Em cena, Violette, zeladora de um cemit\u00e9rio numa pequena cidade da Borgonha, compartilha com o p\u00fablico suas mem\u00f3rias, perdas e reencontros, revelando o poder transformador dos pequenos gestos cotidianos &#8211; entre eles, o cuidado com os animais abandonados, quest\u00e3o central na vida da personagem e que toca diretamente a causa animal no Brasil, segundo pa\u00eds com maior n\u00famero de abandono de animais no mundo.<\/p>\n<p>Interpretada por Marcella Muniz em seu primeiro mon\u00f3logo, Violette revela ao p\u00fablico a for\u00e7a silenciosa da mem\u00f3ria afetiva. &#8220;Sou uma leitora ass\u00eddua e o livro me arrebatou j\u00e1 nas 20 primeiras p\u00e1ginas. Nunca quis fazer um mon\u00f3logo na minha vida, mas a for\u00e7a da simplicidade dessa mulher \u00e9 um mergulho na alma humana&#8221;, afirma a atriz, que completa 45 anos de carreira em 2025, com passagens por todas as grandes emissoras do pa\u00eds e participa\u00e7\u00e3o em 26 novelas.<\/p>\n<p>Explorando as m\u00faltiplas camadas da obra original, a encena\u00e7\u00e3o transforma pequenos rituais &#8211; cuidar das flores, acolher visitantes, ressignificar o tempo &#8211; em manifesta\u00e7\u00f5es de resist\u00eancia e cura. A trilha sonora assinada por Thiago Muller e Tibi, aliada a uma ilumina\u00e7\u00e3o intimista e uma cenografia minimalista, comp\u00f5e um ambiente de suspens\u00e3o, onde vivos e mortos coexistem sob a mesma luz.<\/p>\n<p>Ao refletir sobre o processo de cria\u00e7\u00e3o, o diretor Bruno Costa acrescenta: &#8220;Como o Coelho da Alice, estamos sempre atrasados. Por meio do teatro, e da hist\u00f3ria de uma mulher simples, fazemos uma parada para refletir e nos religar ao real valor do tempo.&#8221;<\/p>\n<p>Sem perder o frescor que conquistou leitores em todo o mundo, a adapta\u00e7\u00e3o busca, no palco, o mesmo equil\u00edbrio entre dor e esperan\u00e7a que consagrou o romance: &#8220;\u00c9 uma celebra\u00e7\u00e3o da simplicidade e da pot\u00eancia dos pequenos encontros&#8221;, resumiu o diretor.<\/p>\n<p>ENCONTRO COM P\u00daBLICO<\/p>\n<p>Nos dias 7 e 21 de junho, a atriz Marcella Muniz participa de um clube de leitura sobre o livro &#8220;\u00c1gua Fresca para Flores&#8221;, no Sebo Pura Poesia. O bate-papo acontece antes das sess\u00f5es do espet\u00e1culo e \u00e9 aberto ao p\u00fablico mediante reserva. O Sebo Pura Poesia fica na Rua Costa Aguiar, 1.112, no Ipiranga. A entrada \u00e9 gratuita. Mais informa\u00e7\u00f5es pelo telefone (11) 948020506.<\/p>\n<p>SINOPSE<\/p>\n<p>Violette Toussaint \u00e9 uma mulher comum, zeladora de um cemit\u00e9rio numa pequena vila da Borgonha. Seu dia a dia \u00e9 preenchido pelo cuidado com as plantas e animais que l\u00e1 habitam, e pelas confid\u00eancias comoventes, tr\u00e1gicas ou at\u00e9 c\u00f4micas dos visitantes do cemit\u00e9rio, que divide com o p\u00fablico, assim como suas mem\u00f3rias pessoais. Apesar da inf\u00e2ncia conturbada, de um marido desaparecido e de v\u00e1rios reveses, encontra conforto entre os rituais e as flores do cemit\u00e9rio. Acredita de forma obstinada na felicidade.<\/p>\n<p>TRECHOS DE CR\u00cdTICAS DO LIVRO<\/p>\n<p>&#8220;O poder desta hist\u00f3ria \u00e9 extraordin\u00e1rio. H\u00e1 muito tempo que n\u00e3o lia um romance t\u00e3o bem escrito.&#8221; (Wall Street Journal)<\/p>\n<p>&#8220;As reviravoltas desta hist\u00f3ria s\u00e3o inesperadas e provocam em n\u00f3s um carrossel de emo\u00e7\u00f5es. Tal como as personagens do livro, sentimos os extremos tocarem-se muito mais facilmente do que esperamos.&#8221; (The Guardian)<\/p>\n<p>&#8220;Um maravilhoso universo caleidosc\u00f3pico.&#8221; (Kirkus Reviews)<\/p>\n<p>&#8220;Um livro que nos deixa entre o riso e as l\u00e1grimas.&#8221; (Lire)<\/p>\n<p>&#8220;Po\u00e9tica e delicada, a hist\u00f3ria contagia pela generosidade dos atos.&#8221; (La Croix)<\/p>\n<p>&#8220;Um romance que nos devolve a esperan\u00e7a.&#8221; (Booklist)<\/p>\n<p>FICHA T\u00c9CNICA<\/p>\n<p>Baseado no romance de Val\u00e9rie Perrin<\/p>\n<p>Dramaturgia e Dire\u00e7\u00e3o: Bruno Costa<\/p>\n<p>Com Marcella Muniz<\/p>\n<p>Cenografia: Teca Fichinski<\/p>\n<p>Figurino: Of\u00e9lia Lott<\/p>\n<p>Ilumina\u00e7\u00e3o: Daniela Sanchez<\/p>\n<p>Trilha Sonora: Thiago Muller e Tibi<\/p>\n<p>Prepara\u00e7\u00e3o Corporal: Dani Visco<\/p>\n<p>Prepara\u00e7\u00e3o Vocal: Edi Montecchi<\/p>\n<p>Diretora Assistente: Joana Lerner<\/p>\n<p>Assistente de Cenografia: Estev\u00e3o Fichinski<\/p>\n<p>Design: Thais Muller<\/p>\n<p>Produ\u00e7\u00e3o: Rubi Schumacher, Marcella Muniz e Bruno Costa<\/p>\n<p>Assistente de Produ\u00e7\u00e3o: Guto Urbieta<\/p>\n<p>Estagi\u00e1rio de Produ\u00e7\u00e3o: \u00c2ngelo Tadeu Filho<\/p>\n<p>Assessoria de Imprensa: Pedro Madeira e Rafael Ferro<\/p>\n<p>Produ\u00e7\u00e3o S\u00e3o Paulo: Mosaico Produ\u00e7\u00f5es<\/p>\n<p>Produtores: C\u00edcero Andrade e Daniela Simonassi<\/p>\n<p>SERVI\u00c7O<\/p>\n<p>&#8220;\u00c1gua Fresca para Flores&#8221;<\/p>\n<p>Temporada de 31 de maio a 29 de junho de 2025<\/p>\n<p>Sess\u00f5es: s\u00e1bados e domingos, \u00e0s 18h<\/p>\n<p>Local:\u00a0<span id=\"CHAVE_5192\" title=\"5192\/10 | 798867\">Teatro UOL<\/span>\u00a0&#8211; Shopping\u00a0<span id=\"CHAVE_5214\" title=\"5214\/18 | 798837\">P\u00e1tio Higien\u00f3polis<\/span><\/p>\n<p>Endere\u00e7o: Av. Higien\u00f3polis, 618 &#8211; Piso 3 &#8211; Higien\u00f3polis, S\u00e3o Paulo &#8211; SP<\/p>\n<p>Estreia para convidados: 2 de junho (domingo)<\/p>\n<p>Ingressos: de R$ 60 (meia-entrada) a R$ 140 (inteira)<\/p>\n<p>Dura\u00e7\u00e3o: 90 minutos<\/p>\n<p>Classifica\u00e7\u00e3o indicativa: 12 anos<\/p>\n<\/div>\n<\/div>\n<\/div>\n<\/div>\n<\/div>\n<div class=\"col col-md-3 col-xs-12\" data-v-fcae744c=\"\">\n<div class=\"q-mb-md q-card q-card--bordered q-card--flat no-shadow\" data-v-52358132=\"\" data-v-fcae744c=\"\">\n<div class=\"q-card__section q-card__section--vert\" data-v-52358132=\"\">\n<div class=\"card-title\" data-v-52358132=\"\">DETALHES<\/div>\n<div class=\"item\" data-v-52358132=\"\"><span class=\"item-titulo\" data-v-52358132=\"\">Assunto:<\/span>\u00a0P\u00e1tio Higien\u00f3polis<\/div>\n<div class=\"item\" data-v-52358132=\"\"><span class=\"item-titulo\" data-v-52358132=\"\">M\u00eddia:<\/span>\u00a0Online<\/div>\n<\/div>\n<\/div>\n<div class=\"q-mt-md\" data-v-ef18e462=\"\" data-v-fcae744c=\"\"><\/div>\n<\/div>\n","protected":false},"excerpt":{"rendered":"<p>Best-seller franc\u00eas inspira montagem in\u00e9dita na Am\u00e9rica Latina em S\u00e3o Paulo Foto: Divulga\u00e7\u00e3o &#8220;\u00c1gua Fresca para Flores&#8221; Best-seller franc\u00eas ganha adapta\u00e7\u00e3o teatral em temporada no\u00a0Teatro UOL\u00a0a partir de 31 de &hellip; <a href=\"https:\/\/monitoramento.spmj.com.br\/noticias\/2026\/04\/28\/agua-fresca-para-flores-ganha-adaptacao-teatral-no-teatro-uol\/\" class=\"more-link\">Continuar lendo <span class=\"screen-reader-text\">&#8220;\u00c1gua Fresca para Flores&#8221; ganha adapta\u00e7\u00e3o teatral no Teatro UOL<\/span><\/a><\/p>\n","protected":false},"author":5,"featured_media":0,"comment_status":"closed","ping_status":"closed","sticky":false,"template":"","format":"standard","meta":{"_acf_changed":false,"footnotes":""},"categories":[44],"tags":[],"class_list":["post-127750","post","type-post","status-publish","format-standard","hentry","category-shopping-patio-higienopolis"],"acf":[],"_links":{"self":[{"href":"https:\/\/monitoramento.spmj.com.br\/noticias\/wp-json\/wp\/v2\/posts\/127750","targetHints":{"allow":["GET"]}}],"collection":[{"href":"https:\/\/monitoramento.spmj.com.br\/noticias\/wp-json\/wp\/v2\/posts"}],"about":[{"href":"https:\/\/monitoramento.spmj.com.br\/noticias\/wp-json\/wp\/v2\/types\/post"}],"author":[{"embeddable":true,"href":"https:\/\/monitoramento.spmj.com.br\/noticias\/wp-json\/wp\/v2\/users\/5"}],"replies":[{"embeddable":true,"href":"https:\/\/monitoramento.spmj.com.br\/noticias\/wp-json\/wp\/v2\/comments?post=127750"}],"version-history":[{"count":2,"href":"https:\/\/monitoramento.spmj.com.br\/noticias\/wp-json\/wp\/v2\/posts\/127750\/revisions"}],"predecessor-version":[{"id":127760,"href":"https:\/\/monitoramento.spmj.com.br\/noticias\/wp-json\/wp\/v2\/posts\/127750\/revisions\/127760"}],"wp:attachment":[{"href":"https:\/\/monitoramento.spmj.com.br\/noticias\/wp-json\/wp\/v2\/media?parent=127750"}],"wp:term":[{"taxonomy":"category","embeddable":true,"href":"https:\/\/monitoramento.spmj.com.br\/noticias\/wp-json\/wp\/v2\/categories?post=127750"},{"taxonomy":"post_tag","embeddable":true,"href":"https:\/\/monitoramento.spmj.com.br\/noticias\/wp-json\/wp\/v2\/tags?post=127750"}],"curies":[{"name":"wp","href":"https:\/\/api.w.org\/{rel}","templated":true}]}}