{"id":127749,"date":"2026-04-28T08:20:25","date_gmt":"2026-04-28T11:20:25","guid":{"rendered":"https:\/\/monitoramento.spmj.com.br\/noticias\/?p=127749"},"modified":"2026-04-28T08:20:25","modified_gmt":"2026-04-28T11:20:25","slug":"toinho-silveira-celebra-75-anos-com-coquetel-e-pre-estreia-no-tam","status":"publish","type":"post","link":"https:\/\/monitoramento.spmj.com.br\/noticias\/2026\/04\/28\/toinho-silveira-celebra-75-anos-com-coquetel-e-pre-estreia-no-tam\/","title":{"rendered":"Toinho Silveira celebra 75 anos com coquetel e pr\u00e9-estreia no TAM"},"content":{"rendered":"<p>Ulysses Freire<br \/>\nUma noite inesquec\u00edvel une glamour, jornalismo e arte! Nesta sexta-feira (24), o Teatro Alberto Maranh\u00e3o (TAM) celebra os 75 anos do mestre do colunismo social potiguar, Toinho Silveira, com um coquetel e a avant-premi\u00e8re exclusiva do espet\u00e1culo &#8220;Cl\u00f4 Pra Sempre&#8221;, estrelado pelo premiado Eduardo Martini, que no s\u00e1bado (25) recebe o p\u00fablico geral.<\/p>\n<p>Promovido pela Revista Premiere, o evento re\u00fane a sociedade natalense em uma festa que mistura confraterniza\u00e7\u00e3o e emo\u00e7\u00e3o. \u00c0s 19h30, coquetel no hall do teatro para homenagens a Toinho. \u00c0s 21h, as cortinas se abrem para o mon\u00f3logo que conquistou S\u00e3o Paulo!<\/p>\n<p>&#8220;Cl\u00f4 Pra Sempre&#8221;: Escrita por Raphael Gama e dirigida por Viviane Alfano, a pe\u00e7a mergulha na vida intensa de Clodovil Hernandes &#8211; estilista, apresentador e \u00edcone pol\u00eamico. Eduardo Martini, ovacionado pela cr\u00edtica, entrega uma interpreta\u00e7\u00e3o visceral em 60 minutos de puro teatro. Vencedora do Pr\u00eamio Bibi Ferreira, ap\u00f3s temporada lotada no\u00a0<span id=\"CHAVE_945\" title=\"945\/10 | 798867\">Teatro UOL<\/span>\u00a0(SP), a montagem chega a Natal para emocionar!<\/p>\n<p>Traje: Esporte CHIC &#8211; tradi\u00e7\u00e3o e requinte \u00e0 la Toinho Silveira. Exclusivo para convidados: Confirme presen\u00e7a at\u00e9 20 de abril (j\u00e1 prorrogado para \u00faltimos contatos!) pelo R.S.V.P: (84) 98862-8056 (Vera L\u00facia).<\/p>\n<p>N\u00e3o perca essa celebra\u00e7\u00e3o \u00fanica de arte e hist\u00f3ria potiguar! Siga a Revista Premiere para mais novidades.<\/p>\n","protected":false},"excerpt":{"rendered":"<p>Ulysses Freire Uma noite inesquec\u00edvel une glamour, jornalismo e arte! Nesta sexta-feira (24), o Teatro Alberto Maranh\u00e3o (TAM) celebra os 75 anos do mestre do colunismo social potiguar, Toinho Silveira, &hellip; <a href=\"https:\/\/monitoramento.spmj.com.br\/noticias\/2026\/04\/28\/toinho-silveira-celebra-75-anos-com-coquetel-e-pre-estreia-no-tam\/\" class=\"more-link\">Continuar lendo <span class=\"screen-reader-text\">Toinho Silveira celebra 75 anos com coquetel e pr\u00e9-estreia no TAM<\/span><\/a><\/p>\n","protected":false},"author":5,"featured_media":0,"comment_status":"closed","ping_status":"closed","sticky":false,"template":"","format":"standard","meta":{"_acf_changed":false,"footnotes":""},"categories":[1],"tags":[],"class_list":["post-127749","post","type-post","status-publish","format-standard","hentry","category-sem-categoria"],"acf":[],"_links":{"self":[{"href":"https:\/\/monitoramento.spmj.com.br\/noticias\/wp-json\/wp\/v2\/posts\/127749","targetHints":{"allow":["GET"]}}],"collection":[{"href":"https:\/\/monitoramento.spmj.com.br\/noticias\/wp-json\/wp\/v2\/posts"}],"about":[{"href":"https:\/\/monitoramento.spmj.com.br\/noticias\/wp-json\/wp\/v2\/types\/post"}],"author":[{"embeddable":true,"href":"https:\/\/monitoramento.spmj.com.br\/noticias\/wp-json\/wp\/v2\/users\/5"}],"replies":[{"embeddable":true,"href":"https:\/\/monitoramento.spmj.com.br\/noticias\/wp-json\/wp\/v2\/comments?post=127749"}],"version-history":[{"count":1,"href":"https:\/\/monitoramento.spmj.com.br\/noticias\/wp-json\/wp\/v2\/posts\/127749\/revisions"}],"predecessor-version":[{"id":127758,"href":"https:\/\/monitoramento.spmj.com.br\/noticias\/wp-json\/wp\/v2\/posts\/127749\/revisions\/127758"}],"wp:attachment":[{"href":"https:\/\/monitoramento.spmj.com.br\/noticias\/wp-json\/wp\/v2\/media?parent=127749"}],"wp:term":[{"taxonomy":"category","embeddable":true,"href":"https:\/\/monitoramento.spmj.com.br\/noticias\/wp-json\/wp\/v2\/categories?post=127749"},{"taxonomy":"post_tag","embeddable":true,"href":"https:\/\/monitoramento.spmj.com.br\/noticias\/wp-json\/wp\/v2\/tags?post=127749"}],"curies":[{"name":"wp","href":"https:\/\/api.w.org\/{rel}","templated":true}]}}