{"id":127747,"date":"2026-04-28T08:20:08","date_gmt":"2026-04-28T11:20:08","guid":{"rendered":"https:\/\/monitoramento.spmj.com.br\/noticias\/?p=127747"},"modified":"2026-04-28T08:20:08","modified_gmt":"2026-04-28T11:20:08","slug":"mercado-das-madalenas-faz-edicao-especial-neste-fim-de-semana","status":"publish","type":"post","link":"https:\/\/monitoramento.spmj.com.br\/noticias\/2026\/04\/28\/mercado-das-madalenas-faz-edicao-especial-neste-fim-de-semana\/","title":{"rendered":"Mercado das Madalenas faz edi\u00e7\u00e3o especial neste fim de semana"},"content":{"rendered":"<p>Msn<br \/>\nMercado das Madalenas faz a sua edi\u00e7\u00e3o especial de Dia das M\u00e3es neste s\u00e1bado (25) e domingo (26), na Casa Higien\u00f3polis.<\/p>\n<p>O evento re\u00fane design, moda, joalheria, m\u00fasica e gastronomia e oferece \u00f3timas op\u00e7\u00f5es de presente para as m\u00e3es.<\/p>\n<p>Pensado para ser mais do que um evento comercial, o mercado \u00e9 um convite para desacelerar entre os jardins do casar\u00e3o, para curtir boa m\u00fasica e gastronomia caprichada.<\/p>\n<p>Entre as marcas que estar\u00e3o presentes, est\u00e3o Firulas (joias de bot\u00e3o), Trama Afetiva (moda sustent\u00e1vel), Vollar Studio (acess\u00f3rios) e Ruth Ribeiro (bolsas e acess\u00f3rios de couro).<\/p>\n<p>Mercado das Madalenas. Casa Higien\u00f3polis. Av. Higien\u00f3polis, 758. S\u00e1b. e dom., das 10h \u00e0s 20h. Gr\u00e1tis<\/p>\n","protected":false},"excerpt":{"rendered":"<p>Msn Mercado das Madalenas faz a sua edi\u00e7\u00e3o especial de Dia das M\u00e3es neste s\u00e1bado (25) e domingo (26), na Casa Higien\u00f3polis. O evento re\u00fane design, moda, joalheria, m\u00fasica e &hellip; <a href=\"https:\/\/monitoramento.spmj.com.br\/noticias\/2026\/04\/28\/mercado-das-madalenas-faz-edicao-especial-neste-fim-de-semana\/\" class=\"more-link\">Continuar lendo <span class=\"screen-reader-text\">Mercado das Madalenas faz edi\u00e7\u00e3o especial neste fim de semana<\/span><\/a><\/p>\n","protected":false},"author":5,"featured_media":0,"comment_status":"closed","ping_status":"closed","sticky":false,"template":"","format":"standard","meta":{"_acf_changed":false,"footnotes":""},"categories":[44],"tags":[],"class_list":["post-127747","post","type-post","status-publish","format-standard","hentry","category-shopping-patio-higienopolis"],"acf":[],"_links":{"self":[{"href":"https:\/\/monitoramento.spmj.com.br\/noticias\/wp-json\/wp\/v2\/posts\/127747","targetHints":{"allow":["GET"]}}],"collection":[{"href":"https:\/\/monitoramento.spmj.com.br\/noticias\/wp-json\/wp\/v2\/posts"}],"about":[{"href":"https:\/\/monitoramento.spmj.com.br\/noticias\/wp-json\/wp\/v2\/types\/post"}],"author":[{"embeddable":true,"href":"https:\/\/monitoramento.spmj.com.br\/noticias\/wp-json\/wp\/v2\/users\/5"}],"replies":[{"embeddable":true,"href":"https:\/\/monitoramento.spmj.com.br\/noticias\/wp-json\/wp\/v2\/comments?post=127747"}],"version-history":[{"count":1,"href":"https:\/\/monitoramento.spmj.com.br\/noticias\/wp-json\/wp\/v2\/posts\/127747\/revisions"}],"predecessor-version":[{"id":127754,"href":"https:\/\/monitoramento.spmj.com.br\/noticias\/wp-json\/wp\/v2\/posts\/127747\/revisions\/127754"}],"wp:attachment":[{"href":"https:\/\/monitoramento.spmj.com.br\/noticias\/wp-json\/wp\/v2\/media?parent=127747"}],"wp:term":[{"taxonomy":"category","embeddable":true,"href":"https:\/\/monitoramento.spmj.com.br\/noticias\/wp-json\/wp\/v2\/categories?post=127747"},{"taxonomy":"post_tag","embeddable":true,"href":"https:\/\/monitoramento.spmj.com.br\/noticias\/wp-json\/wp\/v2\/tags?post=127747"}],"curies":[{"name":"wp","href":"https:\/\/api.w.org\/{rel}","templated":true}]}}