{"id":127742,"date":"2026-04-27T12:35:31","date_gmt":"2026-04-27T15:35:31","guid":{"rendered":"https:\/\/monitoramento.spmj.com.br\/noticias\/?p=127742"},"modified":"2026-04-27T12:35:31","modified_gmt":"2026-04-27T15:35:31","slug":"os-reflexos-do-desempenho-do-carrefour-globalmente-no-atacarejo-brasileiro","status":"publish","type":"post","link":"https:\/\/monitoramento.spmj.com.br\/noticias\/2026\/04\/27\/os-reflexos-do-desempenho-do-carrefour-globalmente-no-atacarejo-brasileiro\/","title":{"rendered":"Os reflexos do desempenho do Carrefour globalmente no atacarejo brasileiro"},"content":{"rendered":"<div class=\"chakra-stack css-84zodg\">\n<p class=\"chakra-text css-g0ijw0\">\n<p class=\"chakra-text css-izfi9z\">EM\u00a027\/04\/2026<\/p>\n<\/div>\n<p><img decoding=\"async\" class=\"chakra-image css-1wtfwr9\" src=\"https:\/\/cdn.samais.com.br\/portal\/image\/1777301175463-adobe-stock.jpeg\" alt=\"Adobe Stock\" \/><\/p>\n<div class=\"css-16zk3ym\">\n<div class=\"css-9gyqb9\">\n<p>Foto: Adobe Stock<\/p>\n<p>A divulga\u00e7\u00e3o dos resultados globais do<a href=\"https:\/\/samais.com.br\/publicacoes\/carrefour-brasil-recua-08pct-no-1o-trimestre-mas-ganha-mercado-com-sams-club-e-e-commerce\" target=\"_blank\" rel=\"noopener\">\u00a0Carrefour<\/a>, referente ao 1\u00ba trimestre de 2026 serviu como um term\u00f4metro inesperado para o varejo alimentar no Brasil. Ao cruzar os dados globais, o<strong>\u00a0Bradesco BBI identificou que o cen\u00e1rio para as opera\u00e7\u00f5es locais, especialmente para o Assa\u00ed, permanece em uma zona de cautela.<\/strong><\/p>\n<p>O diagn\u00f3stico aponta que o setor de atacarejo ainda enfrenta ventos macroecon\u00f4micos contr\u00e1rios, com o mercado monitorando de perto como a baixa renda dispon\u00edvel das fam\u00edlias impacta o volume de compras nas g\u00f4ndolas brasileiras.<\/p>\n<h3>O desafio das vendas e o fator inflacion\u00e1rio<\/h3>\n<p>A expectativa para este in\u00edcio de ano \u00e9 de uma din\u00e2mica de vendas no conceito &#8220;mesmas lojas&#8221; ainda fragilizada, com uma queda estimada de 0,5% no comparativo anual para o Assa\u00ed. Segundo os analistas do BBI, esse desempenho \u00e9 um reflexo direto de um cen\u00e1rio macroecon\u00f4mico pressionado.<\/p>\n<p>Embora\u00a0<strong>exista uma expectativa de que a infla\u00e7\u00e3o de alimentos volte a subir, trazendo um al\u00edvio nominal para o faturamento das varejistas, esse efeito s\u00f3 deve ser sentido de forma concreta a partir do 2\u00ba trimestre,<\/strong>\u00a0deixando o primeiro per\u00edodo do ano em um hiato de crescimento acelerado.<\/p>\n<h3>Resili\u00eancia operacional frente \u00e0 concorr\u00eancia<\/h3>\n<p>Apesar dos n\u00fameros discretos, o Assa\u00ed deve demonstrar uma resili\u00eancia superior \u00e0 m\u00e9dia do mercado.\u00a0<strong>As proje\u00e7\u00f5es indicam que a companhia conseguir\u00e1 entregar resultados melhores que seu principal concorrente, o Atacad\u00e3o, pelo 2\u00ba trimestre consecutivo.<\/strong><\/p>\n<p>Em termos consolidados, o banco estima um\u00a0<strong>crescimento de 1,8% na receita l\u00edquida<\/strong>. Esse avan\u00e7o, mesmo moderado, refor\u00e7a a capacidade da empresa em navegar per\u00edodos de baixa demanda, mantendo uma performance relativa mais robusta que os demais players do setor de varejo alimentar.<\/p>\n<h3>Efici\u00eancia financeira e o impacto dos cr\u00e9ditos tribut\u00e1rios<\/h3>\n<p>Um dos pontos centrais para o balan\u00e7o que ser\u00e1 divulgado no dia 28 de abril \u00e9 a distor\u00e7\u00e3o positiva causada pela monetiza\u00e7\u00e3o de cerca de R$ 300 milh\u00f5es em cr\u00e9ditos de PIS\/COFINS. Esse movimento cont\u00e1bil deve ser o grande motor para a redu\u00e7\u00e3o da alavancagem da companhia no trimestre.<\/p>\n<p>Al\u00e9m disso, ao ajustar os n\u00fameros para excluir efeitos extraordin\u00e1rios, nota-se uma expans\u00e3o sutil na margem bruta, impulsionada pela matura\u00e7\u00e3o das lojas convertidas recentemente e por um controle rigoroso de despesas, que seguem crescendo abaixo do \u00edndice inflacion\u00e1rio, preservando a rentabilidade final.<\/p>\n<\/div>\n<\/div>\n","protected":false},"excerpt":{"rendered":"<p>A divulga\u00e7\u00e3o dos resultados globais do\u00a0Carrefour, referente ao 1\u00ba trimestre de 2026 serviu como um term\u00f4metro inesperado para o varejo alimentar no Brasil. Ao cruzar os dados globais, o\u00a0Bradesco BBI identificou que o cen\u00e1rio para as opera\u00e7\u00f5es locais, especialmente para o Assa\u00ed, permanece em uma zona de cautela.<\/p>\n","protected":false},"author":5,"featured_media":0,"comment_status":"closed","ping_status":"closed","sticky":false,"template":"","format":"standard","meta":{"_acf_changed":false,"footnotes":""},"categories":[56],"tags":[],"class_list":["post-127742","post","type-post","status-publish","format-standard","hentry","category-l-founders"],"acf":[],"_links":{"self":[{"href":"https:\/\/monitoramento.spmj.com.br\/noticias\/wp-json\/wp\/v2\/posts\/127742","targetHints":{"allow":["GET"]}}],"collection":[{"href":"https:\/\/monitoramento.spmj.com.br\/noticias\/wp-json\/wp\/v2\/posts"}],"about":[{"href":"https:\/\/monitoramento.spmj.com.br\/noticias\/wp-json\/wp\/v2\/types\/post"}],"author":[{"embeddable":true,"href":"https:\/\/monitoramento.spmj.com.br\/noticias\/wp-json\/wp\/v2\/users\/5"}],"replies":[{"embeddable":true,"href":"https:\/\/monitoramento.spmj.com.br\/noticias\/wp-json\/wp\/v2\/comments?post=127742"}],"version-history":[{"count":1,"href":"https:\/\/monitoramento.spmj.com.br\/noticias\/wp-json\/wp\/v2\/posts\/127742\/revisions"}],"predecessor-version":[{"id":127743,"href":"https:\/\/monitoramento.spmj.com.br\/noticias\/wp-json\/wp\/v2\/posts\/127742\/revisions\/127743"}],"wp:attachment":[{"href":"https:\/\/monitoramento.spmj.com.br\/noticias\/wp-json\/wp\/v2\/media?parent=127742"}],"wp:term":[{"taxonomy":"category","embeddable":true,"href":"https:\/\/monitoramento.spmj.com.br\/noticias\/wp-json\/wp\/v2\/categories?post=127742"},{"taxonomy":"post_tag","embeddable":true,"href":"https:\/\/monitoramento.spmj.com.br\/noticias\/wp-json\/wp\/v2\/tags?post=127742"}],"curies":[{"name":"wp","href":"https:\/\/api.w.org\/{rel}","templated":true}]}}