{"id":127736,"date":"2026-04-27T12:28:40","date_gmt":"2026-04-27T15:28:40","guid":{"rendered":"https:\/\/monitoramento.spmj.com.br\/noticias\/?p=127736"},"modified":"2026-04-27T12:28:40","modified_gmt":"2026-04-27T15:28:40","slug":"assai-sobe-quase-4-apos-jpmorgan-elevar-recomendacao-e-apontar-melhora-operacional","status":"publish","type":"post","link":"https:\/\/monitoramento.spmj.com.br\/noticias\/2026\/04\/27\/assai-sobe-quase-4-apos-jpmorgan-elevar-recomendacao-e-apontar-melhora-operacional\/","title":{"rendered":"Assa\u00ed sobe quase 4% ap\u00f3s JPMorgan elevar recomenda\u00e7\u00e3o e apontar melhora operacional"},"content":{"rendered":"<div class=\"max-w-5xl my-4 mx-auto space-y-4 px-6 xl:px-0\" data-ds-component=\"article-title\">\n<div class=\"text-lg md:text-xl font-medium tracking-tight text-wl-neutral-600\">Por outro lado, o banco manteve vis\u00e3o negativa para Grupo Mateus e GPA<\/div>\n<\/div>\n<div class=\"max-w-screen-lg mx-auto px-6 xl:px-0\">\n<div class=\"lg:flex justify-between items-center pb-4 border-b mb-5\">\n<div class=\"mb-4 lg:mb-0\">\n<div class=\"lg:flex items-center\" data-ds-component=\"author-small\">\n<div class=\"lg:flex-auto\">\n<p class=\"flex flex-wrap items-center\"><a class=\"text-base md:text-lg font-semibold tracking-tight text-wl-action-link hover:text-wl-action-link-hover underline underline-offset-2\" href=\"https:\/\/www.infomoney.com.br\/autor\/f-felipeaugusto67gmail-com\/\" aria-label=\"Felipe Moreira\">Felipe Moreira<\/a><\/p>\n<p class=\"im-mob-core-description lg:im-web-core-description text-wl-neutral-600\">27\/04\/2026 10h58\u00a0\u2022\u00a0Atualizado 1 hora atr\u00e1s<\/p>\n<\/div>\n<\/div>\n<\/div>\n<\/div>\n<\/div>\n<div class=\"px-6 md:px-0\">\n<figure class=\"mx-auto my-6 mx-auto space-y-3 max-w-2xl\" data-ds-component=\"media\"><img decoding=\"async\" class=\"rounded-sm w-full\" src=\"https:\/\/www.infomoney.com.br\/wp-content\/uploads\/2021\/05\/assai-atacadista-1.jpg?fit=1200%2C835&amp;quality=70&amp;strip=all\" alt=\"Foto: Divulga\u00e7\u00e3o\" \/><figcaption class=\"text-xs text-wl-neutral-500\">Foto: Divulga\u00e7\u00e3o<\/figcaption><\/figure>\n<\/div>\n<article class=\"im-article clear-fix\" data-ds-component=\"article\">\n<div class=\"relative [&amp;_iframe]:mx-auto z-0 md:mr-[calc((100%-42rem)\/2)] ml-6 mb-6 mt-2 md:float-right flex flex-col lg:min-w-[300px] lg:max-w-[300px] bg-wl-neutral-50 min-h-[282px]\" data-ds-component=\"ad\" data-ad-type=\"RETANGULO_AF\">\n<div id=\"RETANGULO_AF-1\" data-component-type=\"ads\" data-ads-type=\"RETANGULO_AF\" data-google-query-id=\"CIrM9-yrjpQDFWKDYQYdqEMOPQ\">\n<div id=\"google_ads_iframe_\/8003922\/RETANGULO_AF_0__container__\"><\/div>\n<\/div>\n<p class=\"py-2 mt-auto text-wl-neutral-500 text-xs text-center\">\n<\/div>\n<p>Com a melhora na infla\u00e7\u00e3o de alimentos, que tende a compensar os riscos ligados aos juros no curto prazo, o JPMorgan elevou a recomenda\u00e7\u00e3o do Assa\u00ed (<a href=\"https:\/\/www.infomoney.com.br\/ASAI3\">ASAI3<\/a>) de\u00a0<em>underweight\u00a0<\/em>(exposi\u00e7\u00e3o abaixo da m\u00e9dia do mercado, equivalente \u00e0 venda) para\u00a0<em>equal-weight<\/em>\u00a0(exposi\u00e7\u00e3o igual a m\u00e9dia do mercado, equivalente \u00e0 neutro) e revisou o pre\u00e7o-alvo de R$ 9,50 para R$ 11. \u00c0s 10h22, as a\u00e7\u00f5es do atacarejo subiam 3,82%, a R$ 9,78.<\/p>\n<p>Segundo o banco, a revis\u00e3o reflete aumento nas estimativas de lucro por a\u00e7\u00e3o de 20% para 2026 e 12% para 2027, embora ainda abaixo do consenso. A a\u00e7\u00e3o negocia a cerca de 15 vezes o lucro estimado para 2026 e 9 vezes para 2027.<\/p>\n<p>O JPMorgan destaca que a infla\u00e7\u00e3o de alimentos surpreendeu positivamente nos \u00faltimos meses e n\u00e3o deve entrar em territ\u00f3rio negativo no segundo trimestre de 2026, o que reduz a press\u00e3o sobre vendas e alavancagem operacional. Com isso, a expectativa \u00e9 de melhora gradual no desempenho ao longo do ano, com recupera\u00e7\u00e3o das vendas mesmas lojas (SSS, na sigla em ingl\u00eas).<\/p>\n<div class=\"cta-middle\">\n<div class=\"im-cta\">\n<div class=\"max-w-2xl mx-auto space-y-4 px-6 xl:px-0 my-10\">\n<section class=\"border-8 border-blue-50 rounded-lg pb-6\">\n<div class=\"mt-6 px-6\">\n<div class=\"max-w-md mx-auto\">\n<div class=\"mt-4\">\n<div class=\"size-5\"><\/div>\n<\/div>\n<\/div>\n<\/div>\n<\/section>\n<\/div>\n<\/div>\n<\/div>\n<h2 id=\"h-grupo-mateus-gmat3\" class=\"wp-block-heading\">Grupo Mateus (<a href=\"https:\/\/www.infomoney.com.br\/GMAT3\">GMAT3<\/a>)<\/h2>\n<p>O JPMorgan reiterou recomenda\u00e7\u00e3o equivalente \u00e0 venda para o Grupo Mateus, uma vez que o varejista continua com desempenho inferior, refletindo menor produtividade e consumo mais fraco em suas principais regi\u00f5es.<\/p>\n<p>O banco cortou estimativas para a companhia, projetando vendas mesmas lojas fracas no primeiro semestre de 2026, com desalavancagem operacional pressionando margens, enquanto a gera\u00e7\u00e3o de fluxo de caixa livre segue limitada e vol\u00e1til, o que pode levar a um ritmo mais lento de expans\u00e3o.<\/p>\n<h2 id=\"h-gpa-pcar3\" class=\"wp-block-heading\">GPA (<a href=\"https:\/\/www.infomoney.com.br\/PCAR3\">PCAR3<\/a>)<\/h2>\n<p>No caso do GPA, o JPMorgan destaca que a elevada alavancagem e o crescimento lento seguem pressionando a tese de investimento. A companhia passa por ajustes relevantes, incluindo um processo de reestrutura\u00e7\u00e3o extrajudicial, enquanto enfrenta vendas fracas e desacelera\u00e7\u00e3o no t\u00edquete m\u00e9dio.<\/p>\n<div class=\"max-w-2xl rounded bg-wl-neutral-50 text-xs leading-4 pb-8 text-center  text-wl-neutral-500 mx-auto mb-6 px-6 xl:px-0\" data-ds-component=\"ad\" data-ad-type=\"Video\">\n<div class=\"flex justify-center\" data-ds-element=\"video\">\n<div id=\"Video-1\" data-component-type=\"ads\" data-ads-type=\"Video\" data-google-query-id=\"CLv25verjpQDFQk3uQYdt54Wxg\">\n<div class=\"teads-inread sm-screen\">\n<div>\n<div class=\"teads-ui-components-label\"><\/div>\n<\/div>\n<\/div>\n<\/div>\n<\/div>\n<\/div>\n<p>Apesar de algum ganho de margem com corte de custos, o banco mant\u00e9m vis\u00e3o cautelosa e recomenda\u00e7\u00e3o\u00a0<em>underweight<\/em>.<\/p>\n<\/article>\n","protected":false},"excerpt":{"rendered":"<p>Com a melhora na infla\u00e7\u00e3o de alimentos, que tende a compensar os riscos ligados aos juros no curto prazo, o JPMorgan elevou a recomenda\u00e7\u00e3o do Assa\u00ed (ASAI3) de\u00a0underweight\u00a0(exposi\u00e7\u00e3o abaixo da m\u00e9dia do mercado, equivalente \u00e0 venda) para\u00a0equal-weight\u00a0(exposi\u00e7\u00e3o igual a m\u00e9dia do mercado, equivalente \u00e0 neutro) e revisou o pre\u00e7o-alvo de R$ 9,50 para R$ 11. \u00c0s 10h22, as a\u00e7\u00f5es do atacarejo subiam 3,82%, a R$ 9,78.<\/p>\n","protected":false},"author":5,"featured_media":0,"comment_status":"closed","ping_status":"closed","sticky":false,"template":"","format":"standard","meta":{"_acf_changed":false,"footnotes":""},"categories":[56],"tags":[],"class_list":["post-127736","post","type-post","status-publish","format-standard","hentry","category-l-founders"],"acf":[],"_links":{"self":[{"href":"https:\/\/monitoramento.spmj.com.br\/noticias\/wp-json\/wp\/v2\/posts\/127736","targetHints":{"allow":["GET"]}}],"collection":[{"href":"https:\/\/monitoramento.spmj.com.br\/noticias\/wp-json\/wp\/v2\/posts"}],"about":[{"href":"https:\/\/monitoramento.spmj.com.br\/noticias\/wp-json\/wp\/v2\/types\/post"}],"author":[{"embeddable":true,"href":"https:\/\/monitoramento.spmj.com.br\/noticias\/wp-json\/wp\/v2\/users\/5"}],"replies":[{"embeddable":true,"href":"https:\/\/monitoramento.spmj.com.br\/noticias\/wp-json\/wp\/v2\/comments?post=127736"}],"version-history":[{"count":1,"href":"https:\/\/monitoramento.spmj.com.br\/noticias\/wp-json\/wp\/v2\/posts\/127736\/revisions"}],"predecessor-version":[{"id":127737,"href":"https:\/\/monitoramento.spmj.com.br\/noticias\/wp-json\/wp\/v2\/posts\/127736\/revisions\/127737"}],"wp:attachment":[{"href":"https:\/\/monitoramento.spmj.com.br\/noticias\/wp-json\/wp\/v2\/media?parent=127736"}],"wp:term":[{"taxonomy":"category","embeddable":true,"href":"https:\/\/monitoramento.spmj.com.br\/noticias\/wp-json\/wp\/v2\/categories?post=127736"},{"taxonomy":"post_tag","embeddable":true,"href":"https:\/\/monitoramento.spmj.com.br\/noticias\/wp-json\/wp\/v2\/tags?post=127736"}],"curies":[{"name":"wp","href":"https:\/\/api.w.org\/{rel}","templated":true}]}}