{"id":127612,"date":"2026-04-23T13:48:55","date_gmt":"2026-04-23T16:48:55","guid":{"rendered":"https:\/\/monitoramento.spmj.com.br\/noticias\/?p=127612"},"modified":"2026-04-23T13:48:55","modified_gmt":"2026-04-23T16:48:55","slug":"vendas-do-grupo-carrefour-no-brasil-recuam-08-no-inicio-de-2026","status":"publish","type":"post","link":"https:\/\/monitoramento.spmj.com.br\/noticias\/2026\/04\/23\/vendas-do-grupo-carrefour-no-brasil-recuam-08-no-inicio-de-2026\/","title":{"rendered":"Vendas do Grupo Carrefour no Brasil recuam 0,8% no in\u00edcio de 2026"},"content":{"rendered":"<p><img decoding=\"async\" src=\"https:\/\/gironews.com\/wp-content\/uploads\/2026\/04\/carrefourr-925x400.jpg\" alt=\"Imagem destaque: Vendas do Grupo Carrefour no Brasil recuam 0,8% no in\u00edcio de 2026\" \/><\/p>\n<p>O Grupo Carrefour reportou uma queda de 0,8% nas vendas em suas opera\u00e7\u00f5es brasileiras no primeiro trimestre de 2026, totalizando 4,67 bilh\u00f5es de euros. O desempenho no pa\u00eds foi impactado pelas taxas de juros elevadas, que reduziram o poder de compra dos consumidores. De acordo com o diretor financeiro do grupo, Matthieu Malige, o cen\u00e1rio macroecon\u00f4mico brasileiro apresentou volumes de alimentos consistentemente negativos no per\u00edodo.<\/p>\n<p><strong>Opera\u00e7\u00e3o global<\/strong><\/p>\n<p>J\u00e1 a receita global da companhia avan\u00e7ou 2,2% em bases compar\u00e1veis, atingindo 21,1 bilh\u00f5es de euros. Na Fran\u00e7a, principal mercado da rede, as vendas cresceram 1,4%, enquanto a Espanha registrou alta de 3,1%. Apesar da press\u00e3o inflacion\u00e1ria decorrente dos custos de energia, o grupo manteve suas proje\u00e7\u00f5es de expans\u00e3o da margem operacional e crescimento no fluxo de caixa livre para o ano de 2026. A varejista tamb\u00e9m destacou a abertura de 88 lojas de conveni\u00eancia na Fran\u00e7a para recuperar participa\u00e7\u00e3o de mercado.<\/p>\n","protected":false},"excerpt":{"rendered":"<p>O Grupo Carrefour reportou uma queda de 0,8% nas vendas em suas opera\u00e7\u00f5es brasileiras no primeiro trimestre de 2026, totalizando 4,67 bilh\u00f5es de euros<\/p>\n","protected":false},"author":5,"featured_media":0,"comment_status":"closed","ping_status":"closed","sticky":false,"template":"","format":"standard","meta":{"_acf_changed":false,"footnotes":""},"categories":[56],"tags":[],"class_list":["post-127612","post","type-post","status-publish","format-standard","hentry","category-l-founders"],"acf":[],"_links":{"self":[{"href":"https:\/\/monitoramento.spmj.com.br\/noticias\/wp-json\/wp\/v2\/posts\/127612","targetHints":{"allow":["GET"]}}],"collection":[{"href":"https:\/\/monitoramento.spmj.com.br\/noticias\/wp-json\/wp\/v2\/posts"}],"about":[{"href":"https:\/\/monitoramento.spmj.com.br\/noticias\/wp-json\/wp\/v2\/types\/post"}],"author":[{"embeddable":true,"href":"https:\/\/monitoramento.spmj.com.br\/noticias\/wp-json\/wp\/v2\/users\/5"}],"replies":[{"embeddable":true,"href":"https:\/\/monitoramento.spmj.com.br\/noticias\/wp-json\/wp\/v2\/comments?post=127612"}],"version-history":[{"count":1,"href":"https:\/\/monitoramento.spmj.com.br\/noticias\/wp-json\/wp\/v2\/posts\/127612\/revisions"}],"predecessor-version":[{"id":127613,"href":"https:\/\/monitoramento.spmj.com.br\/noticias\/wp-json\/wp\/v2\/posts\/127612\/revisions\/127613"}],"wp:attachment":[{"href":"https:\/\/monitoramento.spmj.com.br\/noticias\/wp-json\/wp\/v2\/media?parent=127612"}],"wp:term":[{"taxonomy":"category","embeddable":true,"href":"https:\/\/monitoramento.spmj.com.br\/noticias\/wp-json\/wp\/v2\/categories?post=127612"},{"taxonomy":"post_tag","embeddable":true,"href":"https:\/\/monitoramento.spmj.com.br\/noticias\/wp-json\/wp\/v2\/tags?post=127612"}],"curies":[{"name":"wp","href":"https:\/\/api.w.org\/{rel}","templated":true}]}}