{"id":127610,"date":"2026-04-23T13:29:26","date_gmt":"2026-04-23T16:29:26","guid":{"rendered":"https:\/\/monitoramento.spmj.com.br\/noticias\/?p=127610"},"modified":"2026-04-23T13:29:27","modified_gmt":"2026-04-23T16:29:27","slug":"carrefour-registra-vendas-do-primeiro-tri-abaixo-do-esperado-devido-a-desaceleracao-do-mercado-brasileiro","status":"publish","type":"post","link":"https:\/\/monitoramento.spmj.com.br\/noticias\/2026\/04\/23\/carrefour-registra-vendas-do-primeiro-tri-abaixo-do-esperado-devido-a-desaceleracao-do-mercado-brasileiro\/","title":{"rendered":"Carrefour registra vendas do primeiro tri abaixo do esperado devido \u00e0 desacelera\u00e7\u00e3o do mercado brasileiro"},"content":{"rendered":"<p class=\"article-content col-md-8 offset-md-1\">A cadeia de supermercados Carrefour anunciou na quarta-feira, 22 de abril, vendas do primeiro trimestre mais fracas do que o previsto, devido \u00e0 contra\u00e7\u00e3o do neg\u00f3cio no Brasil e a um crescimento na Fran\u00e7a, o seu maior mercado, aqu\u00e9m do esperado.<\/p>\n<p><br class=\"clear\" \/><\/p>\n<figure class=\"row news-row\">\n<div class=\"col-md-10 text-center\"><img decoding=\"async\" class=\"news-image\" src=\"https:\/\/media.fashionnetwork.com\/cdn-cgi\/image\/format=auto\/m\/a63d\/5c6d\/0122\/8533\/35c9\/0ba9\/ec6b\/37cd\/d305\/ad73\/ad73.jpg\" alt=\"Uma loja do Carrefour\" \/><\/div><figcaption class=\"col-12 col-md-2 news-figcaption\">Uma loja do Carrefour<\/figcaption><\/figure>\n<p class=\"col-md-8 offset-md-1 article-content--texte\">\nAs vendas na Fran\u00e7a aumentaram 1,4% em base compar\u00e1vel, ligeiramente abaixo do que os analistas estimavam, enquanto que o Brasil foi uma decep\u00e7\u00e3o maior, com uma descida de 0,8% nas vendas compar\u00e1veis, que o varejista atribuiu \u00e0s taxas de juro muito elevadas, que reduziram o poder de compra dos consumidores.<\/p>\n<p>&#8220;No Brasil, em um contexto macroecon\u00f4mico marcado por volumes alimentares persistentemente negativos, o grupo apresentou um desempenho resiliente&#8221;, afirmou o diretor financeiro, Matthieu Malige. As receitas do grupo no primeiro trimestre totalizaram 21,141 bilh\u00f5es de euros (24,77\u00a0bilh\u00f5es de d\u00f3lares), abaixo dos 21,83 bilh\u00f5es esperados pelos analistas, segundo um consenso compilado pela Visible Alpha.<\/p>\n<div class=\"col-md-10 mt-5 mb-5 no-gutters p-0 ads article-content--texte\"><\/div>\n<p class=\"col-md-8 offset-md-1 article-content--texte\">No Carrefour, as margens de lucro estreitaram para 2,6% no ano passado, face a 3,1% em 2021, e o grupo enfrenta agora custos mais elevados em todos os seus mercados, uma vez que a guerra no Ir\u00e3 fez disparar acentuadamente os pre\u00e7os da energia, um choque que poder\u00e1 repercutir em pre\u00e7os mais elevados dos alimentos. Malige minimizou, no entanto, o impacto do conflito, afirmando esperar que a infla\u00e7\u00e3o alimentar na Fran\u00e7a se mantenha baixa este ano e que o varejista n\u00e3o registrou altera\u00e7\u00f5es no comportamento dos consumidores em mar\u00e7o, o primeiro m\u00eas da guerra.<\/p>\n","protected":false},"excerpt":{"rendered":"<p>As vendas na Fran\u00e7a aumentaram 1,4% em base compar\u00e1vel, ligeiramente abaixo do que os analistas estimavam, enquanto que o Brasil foi uma decep\u00e7\u00e3o maior, com uma descida de 0,8% nas vendas compar\u00e1veis, que o varejista atribuiu \u00e0s taxas de juro muito elevadas, que reduziram o poder de compra dos consumidores.<\/p>\n","protected":false},"author":5,"featured_media":0,"comment_status":"closed","ping_status":"closed","sticky":false,"template":"","format":"standard","meta":{"_acf_changed":false,"footnotes":""},"categories":[56],"tags":[],"class_list":["post-127610","post","type-post","status-publish","format-standard","hentry","category-l-founders"],"acf":[],"_links":{"self":[{"href":"https:\/\/monitoramento.spmj.com.br\/noticias\/wp-json\/wp\/v2\/posts\/127610","targetHints":{"allow":["GET"]}}],"collection":[{"href":"https:\/\/monitoramento.spmj.com.br\/noticias\/wp-json\/wp\/v2\/posts"}],"about":[{"href":"https:\/\/monitoramento.spmj.com.br\/noticias\/wp-json\/wp\/v2\/types\/post"}],"author":[{"embeddable":true,"href":"https:\/\/monitoramento.spmj.com.br\/noticias\/wp-json\/wp\/v2\/users\/5"}],"replies":[{"embeddable":true,"href":"https:\/\/monitoramento.spmj.com.br\/noticias\/wp-json\/wp\/v2\/comments?post=127610"}],"version-history":[{"count":1,"href":"https:\/\/monitoramento.spmj.com.br\/noticias\/wp-json\/wp\/v2\/posts\/127610\/revisions"}],"predecessor-version":[{"id":127611,"href":"https:\/\/monitoramento.spmj.com.br\/noticias\/wp-json\/wp\/v2\/posts\/127610\/revisions\/127611"}],"wp:attachment":[{"href":"https:\/\/monitoramento.spmj.com.br\/noticias\/wp-json\/wp\/v2\/media?parent=127610"}],"wp:term":[{"taxonomy":"category","embeddable":true,"href":"https:\/\/monitoramento.spmj.com.br\/noticias\/wp-json\/wp\/v2\/categories?post=127610"},{"taxonomy":"post_tag","embeddable":true,"href":"https:\/\/monitoramento.spmj.com.br\/noticias\/wp-json\/wp\/v2\/tags?post=127610"}],"curies":[{"name":"wp","href":"https:\/\/api.w.org\/{rel}","templated":true}]}}