{"id":127608,"date":"2026-04-23T13:22:56","date_gmt":"2026-04-23T16:22:56","guid":{"rendered":"https:\/\/monitoramento.spmj.com.br\/noticias\/?p=127608"},"modified":"2026-04-23T13:22:56","modified_gmt":"2026-04-23T16:22:56","slug":"carrefour-apresenta-vendas-abaixo-do-esperado-no-1o-trimestre","status":"publish","type":"post","link":"https:\/\/monitoramento.spmj.com.br\/noticias\/2026\/04\/23\/carrefour-apresenta-vendas-abaixo-do-esperado-no-1o-trimestre\/","title":{"rendered":"Carrefour apresenta vendas abaixo do esperado no 1\u00ba trimestre"},"content":{"rendered":"<header class=\"group\/header group mx-auto box-border flex w-full max-w-full flex-col gap-4 pb-4 md:border-b md:border-neutral-200 [&amp;_.gallery]:-mx-4 [&amp;_.gallery]:outline [&amp;_.gallery]:outline-2 [&amp;_.gallery]:outline-neutral-950 [&amp;_.gallery]:lg:-mx-0 [&amp;_.gallery]:lg:outline-none\">\n<div class=\"flex w-full flex-col gap-4\">\n<div>\n<h2 class=\"text-lg font-normal group-[.isActiveSource]:text-xl\" data-single-excerpt=\"true\">Alta de 3,1% nas vendas na Espanha ajudou a compensar em parte desempenho negativo no Brasil<\/h2>\n<\/div>\n<\/div>\n<div class=\"flex w-full flex-col gap-1\" data-single-author=\"true\"><span class=\"text-sm font-normal\"><a class=\"text-sm underline\" href=\"https:\/\/www.cnnbrasil.com.br\/autor\/reuters\/\" target=\"_self\" aria-label=\"Ver mais mat\u00e9rias de Reuters\"><span class=\"text-sm font-medium\">Reuters<\/span><\/a><\/span><span class=\"timestamp__date\">22\/04\/26 \u00e0s 20:28<\/span><span class=\"timestamp__divisor\">\u00a0|\u00a0<\/span><span class=\"timestamp__modified\">Atualizado\u00a022\/04\/26 \u00e0s 20:28<\/span><\/div>\n<div class=\"h-auto w-fit cursor-pointer group-has-[.featuredImage]:w-full group-has-[.gallery]:w-full group-has-[.mosaic-large]:w-full group-has-[.mosaic-small]:w-fit [#gut-square_&amp;]:w-full [#gut-square_&amp;]:lg:w-fit [#gut-trio_&amp;]:w-full [#manchete-section-one_&amp;]:h-full [#manchete-section-one_&amp;]:w-full\" role=\"button\" aria-controls=\"modal-content\" aria-expanded=\"false\">\n<div class=\"group\/featureImage featuredImage relative w-full\" data-image=\"true\">\n<div class=\"fullScreenButton absolute right-0 z-20 mr-2 mt-2 size-6 rounded-sm bg-red-600 p-0 hover:bg-red-500 sm:p-1 md:mr-4 md:mt-4 md:size-8\"><\/div>\n<figure class=\"group\/featureImage featuredImage relative z-10 mb-4 flex shrink flex-col gap-2\">\n<div class=\"featuredImage--image z-10 -mx-4 flex items-center justify-center bg-neutral-950 lg:mx-0 lg:overflow-hidden lg:rounded-lg\"><img loading=\"lazy\" decoding=\"async\" class=\"flex size-full object-cover\" src=\"https:\/\/admin.cnnbrasil.com.br\/wp-content\/uploads\/sites\/12\/2025\/02\/carrefour-varejo.webp?w=419&amp;h=283&amp;crop=0\" alt=\"\" width=\"419\" height=\"283\" \/><\/div><figcaption class=\"featuredImage--caption text-neutral-500\"><span class=\"text-sm font-medium featuredImage--subtitle\">Supermercado da rede Carrefour<\/span><span class=\"text-xs font-normal featuredImage--credits\">\u00a0 \u2022\u00a0Divulga\u00e7\u00e3o<\/span><\/figcaption><\/figure>\n<\/div>\n<\/div>\n<\/header>\n<div class=\"sticky top-[calc(100%-80px)] z-20 hidden lg:block\">\n<div class=\"absolute -left-2 bottom-8 flex h-0 flex-col-reverse items-start\"><\/div>\n<\/div>\n<div class=\"text-lg w-full pt-6 font-light text-neutral-800 group-[.isActiveSource&gt;*]:text-xl md:pt-10 [&amp;&gt;*:not(.single-product)]:mx-auto [&amp;&gt;*:not(.single-product)]:max-w-2xl [&amp;_.gallery]:mb-4 [&amp;_p]:my-4 first:[&amp;_p]:mt-0 [&amp;_strong]:font-medium\" data-single-content=\"true\">\n<p class=\"my-5 break-words group-[.isActiveSource]:text-xl\">A rede de supermercados Carrefour divulgou nesta quarta-feira (22) vendas abaixo do esperado para o primeiro trimestre, devido \u00e0 retra\u00e7\u00e3o de seus neg\u00f3cios no Brasil, enquanto o diretor financeiro da varejista afirmou que os consumidores na Fran\u00e7a, seu maior mercado, t\u00eam se mostrado resilientes at\u00e9 o momento ao impacto da guerra com o Ir\u00e3.<\/p>\n<p class=\"my-5 break-words group-[.isActiveSource]:text-xl\">As vendas no Brasil ca\u00edram devido \u00e0s taxas de juros muito altas que afetaram o poder de compra dos consumidores, enquanto as vendas compar\u00e1veis na Fran\u00e7a cresceram 1,4%, uma melhora em rela\u00e7\u00e3o ao final do ano passado.<\/p>\n<div id=\"content_1\" class=\"custom__ad__element flex min-h-64 bg-gray-200 justify-center items-center my-4 py-4 bg-[url('\/images\/ad-bg.png')] bg-repeat\" role=\"complementary\" aria-label=\"Publicidade\" data-google-query-id=\"CKn_ksqwhJQDFUtMuAQdQ3AwbA\">\n<div id=\"google_ads_iframe_\/21920083859\/artigos_economia_2023_2__container__\"><\/div>\n<\/div>\n<p class=\"my-5 break-words group-[.isActiveSource]:text-xl\">&#8220;No Brasil, em um contexto macroecon\u00f4mico marcado por volumes de alimentos consistentemente negativos, o grupo apresentou um desempenho resiliente&#8221;, afirmou o diretor financeiro Matthieu Malige.<\/p>\n<div id=\"content_2\" class=\"custom__ad__element flex min-h-64 bg-gray-200 justify-center items-center my-4 py-4 bg-[url('\/images\/ad-bg.png')] bg-repeat\" role=\"complementary\" aria-label=\"Publicidade\" data-google-query-id=\"CKr_ksqwhJQDFUtMuAQdQ3AwbA\">\n<div id=\"notsy_container_529347323\" class=\"CNB_VIDEO_GAM\" data-notsy-container-index=\"1\" data-notsy-mapped-container=\"1\" data-ym-video-sticky-mode=\"1\">\n<div>\n<div id=\"video_73849-container\" class=\"nts-container\" data-mobile=\"0\">\n<div id=\"video_73849-sub-container\" class=\"ym-video--sub-container\">\n<div id=\"video_73849-float-container\" class=\"nts-float-container ym-float-container__sticky\">\n<div class=\"ym-video-sticky-close ym-video-sticky-close__md ym-video-sticky-close__square ym-video-sticky-close__top-left-side\">\n<div><\/div>\n<\/div>\n<\/div>\n<\/div>\n<\/div>\n<\/div>\n<\/div>\n<\/div>\n<p class=\"my-5 break-words group-[.isActiveSource]:text-xl\">A receita do primeiro trimestre para o grupo como um todo foi de 21,1 bilh\u00f5es de euros, inferior aos 21,8 bilh\u00f5es esperados pelos analistas, segundo consenso compilado pela Visible Alpha.<\/p>\n<p class=\"my-5 break-words group-[.isActiveSource]:text-xl\">O forte crescimento na Espanha, onde as vendas aumentaram 3,1%, ajudou a compensar em parte o desempenho negativo no Brasil, que registrou queda de 0,8%, ficando abaixo da expectativa dos analistas de crescimento de 0,6%.<\/p>\n<h2 class=\"text-2xl my-5 font-bold break-words\">Custos mais altos<\/h2>\n<p class=\"my-5 break-words group-[.isActiveSource]:text-xl\">O Carrefour, que viu suas margens de lucro diminu\u00edrem para 2,6% no ano passado, ante 3,1% em 2021, agora enfrenta custos mais altos em todos os seus mercados, j\u00e1 que a guerra com o Ir\u00e3 elevou acentuadamente os pre\u00e7os da energia, um choque que pode se refletir em pre\u00e7os mais altos dos alimentos.<\/p>\n<p class=\"my-5 break-words group-[.isActiveSource]:text-xl\">Malige minimizou o impacto do conflito, afirmando que espera que a infla\u00e7\u00e3o dos alimentos na Fran\u00e7a permane\u00e7a baixa este ano e que a varejista n\u00e3o observou nenhuma mudan\u00e7a no comportamento dos consumidores em mar\u00e7o, o primeiro m\u00eas da guerra.<\/p>\n<div id=\"aDRNfj8fTN0\" class=\"group relative my-4 flex aspect-video w-full cursor-pointer items-center justify-center overflow-hidden rounded-lg bg-black bg-cover bg-center [&amp;_div]:!absolute [&amp;_div]:!aspect-video [&amp;_div]:!size-full [&amp;_iframe]:!absolute [&amp;_iframe]:!aspect-video [&amp;_iframe]:!size-full\" aria-label=\"Reproduzir v\u00eddeo: \" aria-labelledby=\"video-title-aDRNfj8fTN0\" data-video=\"youtube\"><\/div>\n<p class=\"my-5 break-words group-[.isActiveSource]:text-xl\">O Carrefour opera no Oriente M\u00e9dio por meio de sua parceira de franquia Majid Al Futtaim, e Malige afirmou que todas as suas lojas na regi\u00e3o est\u00e3o abertas e que n\u00e3o h\u00e1 problemas de abastecimento ou estoque no momento.<\/p>\n<p class=\"my-5 break-words group-[.isActiveSource]:text-xl\">A segunda maior rede de supermercados da Fran\u00e7a afirmou ter inaugurado 88 novas lojas de conveni\u00eancia no pa\u00eds no primeiro trimestre, o que a ajudou a recuperar participa\u00e7\u00e3o de mercado ap\u00f3s perder clientes para a concorrente E. Leclerc, que oferece pre\u00e7os mais baixos.<\/p>\n<p class=\"my-5 break-words group-[.isActiveSource]:text-xl\">As a\u00e7\u00f5es da empresa de 12 bilh\u00f5es de euros subiram 18% desde o in\u00edcio do ano, \u00e0 medida que os investidores acolheram bem o plano do presidente-executivo Alexandre Bompard de se concentrar nos principais mercados, Fran\u00e7a, Espanha e Brasil, e aumentaram a esperan\u00e7a de que a varejista possa se tornar mais competitiva.<\/p>\n<\/div>\n","protected":false},"excerpt":{"rendered":"<p>A rede de supermercados Carrefour divulgou nesta quarta-feira (22) vendas abaixo do esperado para o primeiro trimestre, devido \u00e0 retra\u00e7\u00e3o de seus neg\u00f3cios no Brasil, enquanto o diretor financeiro da varejista afirmou que os consumidores na Fran\u00e7a, seu maior mercado, t\u00eam se mostrado resilientes at\u00e9 o momento ao impacto da guerra com o Ir\u00e3.<\/p>\n","protected":false},"author":5,"featured_media":0,"comment_status":"closed","ping_status":"closed","sticky":false,"template":"","format":"standard","meta":{"_acf_changed":false,"footnotes":""},"categories":[56],"tags":[],"class_list":["post-127608","post","type-post","status-publish","format-standard","hentry","category-l-founders"],"acf":[],"_links":{"self":[{"href":"https:\/\/monitoramento.spmj.com.br\/noticias\/wp-json\/wp\/v2\/posts\/127608","targetHints":{"allow":["GET"]}}],"collection":[{"href":"https:\/\/monitoramento.spmj.com.br\/noticias\/wp-json\/wp\/v2\/posts"}],"about":[{"href":"https:\/\/monitoramento.spmj.com.br\/noticias\/wp-json\/wp\/v2\/types\/post"}],"author":[{"embeddable":true,"href":"https:\/\/monitoramento.spmj.com.br\/noticias\/wp-json\/wp\/v2\/users\/5"}],"replies":[{"embeddable":true,"href":"https:\/\/monitoramento.spmj.com.br\/noticias\/wp-json\/wp\/v2\/comments?post=127608"}],"version-history":[{"count":1,"href":"https:\/\/monitoramento.spmj.com.br\/noticias\/wp-json\/wp\/v2\/posts\/127608\/revisions"}],"predecessor-version":[{"id":127609,"href":"https:\/\/monitoramento.spmj.com.br\/noticias\/wp-json\/wp\/v2\/posts\/127608\/revisions\/127609"}],"wp:attachment":[{"href":"https:\/\/monitoramento.spmj.com.br\/noticias\/wp-json\/wp\/v2\/media?parent=127608"}],"wp:term":[{"taxonomy":"category","embeddable":true,"href":"https:\/\/monitoramento.spmj.com.br\/noticias\/wp-json\/wp\/v2\/categories?post=127608"},{"taxonomy":"post_tag","embeddable":true,"href":"https:\/\/monitoramento.spmj.com.br\/noticias\/wp-json\/wp\/v2\/tags?post=127608"}],"curies":[{"name":"wp","href":"https:\/\/api.w.org\/{rel}","templated":true}]}}