{"id":127606,"date":"2026-04-23T13:19:51","date_gmt":"2026-04-23T16:19:51","guid":{"rendered":"https:\/\/monitoramento.spmj.com.br\/noticias\/?p=127606"},"modified":"2026-04-23T13:19:51","modified_gmt":"2026-04-23T16:19:51","slug":"allos-alos3-anuncia-dividendos-de-r-029-por-acao","status":"publish","type":"post","link":"https:\/\/monitoramento.spmj.com.br\/noticias\/2026\/04\/23\/allos-alos3-anuncia-dividendos-de-r-029-por-acao\/","title":{"rendered":"ALLOS (ALOS3) anuncia dividendos de R$ 0,29 por a\u00e7\u00e3o"},"content":{"rendered":"<header class=\"article-header\" data-v-0724b0a8=\"\">\n<p class=\"article-subtitle\" data-v-0724b0a8=\"\">Valor bruto final ser\u00e1 de R$ 0,291937564 por a\u00e7\u00e3o, com pagamento em 5 de maio de 2026<\/p>\n<div class=\"article-meta\" data-v-0724b0a8=\"\">\n<div class=\"meta-left\" data-v-0724b0a8=\"\"><\/div>\n<div class=\"meta-right\" data-v-0724b0a8=\"\">\n<div class=\"d-flex flex-row align-center\" data-v-0724b0a8=\"\" data-v-fb55546b=\"\"><\/div>\n<\/div>\n<\/div>\n<\/header>\n<figure class=\"article-image\" data-v-0724b0a8=\"\"><img decoding=\"async\" src=\"https:\/\/cdn.visnoinvest.com.br\/companies\/alos_1_hd.webp\" alt=\"Valor bruto final ser\u00e1 de R$ 0,291937564 por a\u00e7\u00e3o, com pagamento em 5 de maio de 2026\" data-v-0724b0a8=\"\" \/><\/figure>\n<div class=\"article-body\" data-v-0724b0a8=\"\">\n<div class=\"wa-cta__action\" data-v-e14a7d97=\"\"><\/div>\n<div class=\"article-content\" data-v-0724b0a8=\"\" data-autozep-autoads-crawled=\"\">\n<p>Na quarta-feira, 22 de abril de 2026, a ALLOS (<a href=\"https:\/\/visnoinvest.com.br\/stocks\/ALOS3\">ALOS3<\/a>) confirmou o valor bruto final dos dividendos intermedi\u00e1rios referentes ao exerc\u00edcio de 2026, que ser\u00e1 de R$ 0,291937564 por a\u00e7\u00e3o. O ajuste decorre de altera\u00e7\u00e3o no n\u00famero de a\u00e7\u00f5es em tesouraria da companhia.<\/p>\n<div class=\"autozep-outer\">\n<div id=\"article-intext01_BHuAF1XJ\" class=\"autozep-div\" data-google-query-id=\"CIrv3MuvhJQDFTROuAQd_uUnIw\">\n<div id=\"google_ads_iframe_\/22877339784,23339390871\/visnoinvest\/article-intext01_0__container__\"><\/div>\n<\/div>\n<\/div>\n<p>O pagamento dos dividendos est\u00e1 previsto para 5 de maio de 2026 e ser\u00e1 realizado pelo valor l\u00edquido, ap\u00f3s a dedu\u00e7\u00e3o do imposto de renda na fonte, conforme a legisla\u00e7\u00e3o aplic\u00e1vel. A exce\u00e7\u00e3o vale para acionistas que comprovarem n\u00e3o estarem sujeitos \u00e0 incid\u00eancia do tributo.<\/p>\n<p data-autozep-autoads-lastcrawled=\"\">Acionistas n\u00e3o residentes que n\u00e3o estejam sujeitos \u00e0 reten\u00e7\u00e3o de imposto de renda devem solicitar a isen\u00e7\u00e3o tribut\u00e1ria sobre os dividendos por meio de seus agentes custodiantes no sistema da Central Deposit\u00e1ria de Renda Vari\u00e1vel da B3, que encaminhar\u00e3o o pedido aos escrituradores da ALLOS.<\/p>\n<\/div>\n<\/div>\n","protected":false},"excerpt":{"rendered":"<p>Na quarta-feira, 22 de abril de 2026, a ALLOS (ALOS3) confirmou o valor bruto final dos dividendos intermedi\u00e1rios referentes ao exerc\u00edcio de 2026, que ser\u00e1 de R$ 0,291937564 por a\u00e7\u00e3o. O ajuste decorre de altera\u00e7\u00e3o no n\u00famero de a\u00e7\u00f5es em tesouraria da companhia.<\/p>\n","protected":false},"author":5,"featured_media":0,"comment_status":"closed","ping_status":"closed","sticky":false,"template":"","format":"standard","meta":{"_acf_changed":false,"footnotes":""},"categories":[56],"tags":[],"class_list":["post-127606","post","type-post","status-publish","format-standard","hentry","category-l-founders"],"acf":[],"_links":{"self":[{"href":"https:\/\/monitoramento.spmj.com.br\/noticias\/wp-json\/wp\/v2\/posts\/127606","targetHints":{"allow":["GET"]}}],"collection":[{"href":"https:\/\/monitoramento.spmj.com.br\/noticias\/wp-json\/wp\/v2\/posts"}],"about":[{"href":"https:\/\/monitoramento.spmj.com.br\/noticias\/wp-json\/wp\/v2\/types\/post"}],"author":[{"embeddable":true,"href":"https:\/\/monitoramento.spmj.com.br\/noticias\/wp-json\/wp\/v2\/users\/5"}],"replies":[{"embeddable":true,"href":"https:\/\/monitoramento.spmj.com.br\/noticias\/wp-json\/wp\/v2\/comments?post=127606"}],"version-history":[{"count":1,"href":"https:\/\/monitoramento.spmj.com.br\/noticias\/wp-json\/wp\/v2\/posts\/127606\/revisions"}],"predecessor-version":[{"id":127607,"href":"https:\/\/monitoramento.spmj.com.br\/noticias\/wp-json\/wp\/v2\/posts\/127606\/revisions\/127607"}],"wp:attachment":[{"href":"https:\/\/monitoramento.spmj.com.br\/noticias\/wp-json\/wp\/v2\/media?parent=127606"}],"wp:term":[{"taxonomy":"category","embeddable":true,"href":"https:\/\/monitoramento.spmj.com.br\/noticias\/wp-json\/wp\/v2\/categories?post=127606"},{"taxonomy":"post_tag","embeddable":true,"href":"https:\/\/monitoramento.spmj.com.br\/noticias\/wp-json\/wp\/v2\/tags?post=127606"}],"curies":[{"name":"wp","href":"https:\/\/api.w.org\/{rel}","templated":true}]}}