{"id":127604,"date":"2026-04-23T13:13:05","date_gmt":"2026-04-23T16:13:05","guid":{"rendered":"https:\/\/monitoramento.spmj.com.br\/noticias\/?p=127604"},"modified":"2026-04-23T13:13:05","modified_gmt":"2026-04-23T16:13:05","slug":"carrefour-tem-vendas-abaixo-do-esperado-no-1t26-e-expoe-fraqueza-do-consumo-no-brasil","status":"publish","type":"post","link":"https:\/\/monitoramento.spmj.com.br\/noticias\/2026\/04\/23\/carrefour-tem-vendas-abaixo-do-esperado-no-1t26-e-expoe-fraqueza-do-consumo-no-brasil\/","title":{"rendered":"Carrefour tem vendas abaixo do esperado no 1T26 e exp\u00f5e fraqueza do consumo no Brasil"},"content":{"rendered":"<div class=\"entry-header\">\n<div class=\"jeg_meta_container\">\n<div class=\"jeg_post_meta jeg_post_meta_2\">\n<div class=\"meta_left\">\n<div class=\"jeg_meta_author\"><span class=\"meta_text\">por<\/span>\u00a0<a href=\"https:\/\/gazetamercantil.com\/author\/joao-souza\">Jo\u00e3o Souza &#8211; Rep\u00f3rter de Neg\u00f3cios<\/a><\/div>\n<div class=\"jeg_meta_date\">\u00a0<a href=\"https:\/\/gazetamercantil.com\/carrefour-vendas-1t26-queda-brasil-analise-varejo\">22\/04\/2026<\/a><\/div>\n<div class=\"jeg_meta_category\"><span class=\"meta_text\">em<\/span>\u00a0<a href=\"https:\/\/gazetamercantil.com\/negocios\" rel=\"category tag\">Neg\u00f3cios<\/a><span class=\"category-separator\">,\u00a0<\/span><a href=\"https:\/\/gazetamercantil.com\/destaque\" rel=\"category tag\">Destaque<\/a><span class=\"category-separator\">,\u00a0<\/span><a href=\"https:\/\/gazetamercantil.com\/noticias\" rel=\"category tag\">Not\u00edcias<\/a><\/div>\n<\/div>\n<div class=\"meta_right\"><\/div>\n<\/div>\n<\/div>\n<\/div>\n<div class=\"row\">\n<div class=\"jeg_main_content col-md-9\">\n<div class=\"jeg_inner_content\">\n<div class=\"jeg_featured featured_image\">\n<div class=\"thumbnail-container\"><img loading=\"lazy\" decoding=\"async\" class=\"attachment-jnews-750x375 size-jnews-750x375 wp-post-image\" title=\"Carrefour tem vendas abaixo do esperado no 1T26 e exp\u00f5e fraqueza do consumo no Brasil 1 GAZETA MERCANTIL\" src=\"https:\/\/gazetamercantil.com\/wp-content\/uploads\/2026\/02\/Carrefour-mira-20-no-Brasil-e-acelera-IA-ate-2030-640x375.jpg\" alt=\"Carrefour Tem Vendas Abaixo Do Esperado No 1T26 E Exp\u00f5e Fraqueza Do Consumo No Brasil-Gazeta Mercantil\" width=\"640\" height=\"375\" \/><\/div>\n<\/div>\n<div class=\"jeg_share_top_container\"><\/div>\n<div class=\"jeg_ad jeg_article jnews_content_top_ads\">\n<div class=\"ads-wrapper\"><\/div>\n<\/div>\n<div class=\"entry-content no-share\">\n<div class=\"content-inner\">\n<h4 data-section-id=\"1gd791b\" data-start=\"63\" data-end=\"152\">Carrefour tem vendas abaixo do esperado no 1T26 e acende alerta sobre consumo no Brasil<\/h4>\n<p data-start=\"154\" data-end=\"591\">A divulga\u00e7\u00e3o dos resultados do primeiro trimestre trouxe um sinal relevante para o setor varejista: o desempenho do\u00a0<strong data-start=\"270\" data-end=\"295\">Carrefour vendas 1T26<\/strong>\u00a0ficou abaixo das expectativas do mercado, refletindo um ambiente macroecon\u00f4mico desafiador no Brasil e pressionado por juros elevados. O resultado refor\u00e7a a leitura de desacelera\u00e7\u00e3o do consumo dom\u00e9stico, ao mesmo tempo em que evidencia a resili\u00eancia de mercados europeus, especialmente a Fran\u00e7a.<\/p>\n<div class=\"google-auto-placed ap_container\"><ins class=\"adsbygoogle adsbygoogle-noablate\" data-ad-format=\"auto\" data-ad-client=\"ca-pub-1743865177675013\" data-adsbygoogle-status=\"done\" data-ad-status=\"filled\"><\/p>\n<div id=\"aswift_4_host\"><\/div>\n<p><\/ins><\/div>\n<p data-start=\"593\" data-end=\"852\">A performance do\u00a0<strong data-start=\"610\" data-end=\"635\">Carrefour vendas 1T26<\/strong>\u00a0tamb\u00e9m lan\u00e7a luz sobre a din\u00e2mica do varejo global em um cen\u00e1rio de infla\u00e7\u00e3o ainda sens\u00edvel, custos operacionais elevados e incertezas geopol\u00edticas que seguem influenciando cadeias de suprimentos e pre\u00e7os de energia.<\/p>\n<h2 data-section-id=\"8urlbr\" data-start=\"854\" data-end=\"919\">Carrefour vendas 1T26 decepcionam com impacto direto do Brasil<\/h2>\n<p data-start=\"921\" data-end=\"1180\">O principal fator por tr\u00e1s do resultado aqu\u00e9m do esperado no\u00a0<strong data-start=\"982\" data-end=\"1007\">Carrefour vendas 1T26<\/strong> foi o desempenho mais fraco das opera\u00e7\u00f5es brasileiras. A companhia reportou queda de 0,8% nas vendas no pa\u00eds, contrariando proje\u00e7\u00f5es de crescimento de aproximadamente 0,6%.<\/p>\n<p data-start=\"1182\" data-end=\"1385\">Esse recuo est\u00e1 diretamente associado ao n\u00edvel elevado da taxa de juros no Brasil, que segue comprimindo o poder de compra das fam\u00edlias e reduzindo o volume de consumo, especialmente em itens essenciais.<\/p>\n<p data-start=\"1387\" data-end=\"1614\">Executivos da companhia classificaram o desempenho do\u00a0<strong data-start=\"1441\" data-end=\"1466\">Carrefour vendas 1T26<\/strong>\u00a0como resiliente dentro de um contexto adverso, marcado por volumes negativos no setor de alimentos \u2014 um dos principais pilares do varejo alimentar.<\/p>\n<h2 data-section-id=\"q65qw6\" data-start=\"1616\" data-end=\"1695\">Receita global abaixo do consenso pressiona leitura do Carrefour vendas 1T26<\/h2>\n<p data-start=\"1697\" data-end=\"2005\">No consolidado global, o grupo reportou receita de 21,1 bilh\u00f5es de euros no trimestre, n\u00famero inferior aos 21,8 bilh\u00f5es de euros projetados por analistas. Esse desvio refor\u00e7a a percep\u00e7\u00e3o de que o\u00a0<strong data-start=\"1893\" data-end=\"1918\">Carrefour vendas 1T26<\/strong>\u00a0n\u00e3o apenas refletiu desafios regionais, mas tamb\u00e9m um cen\u00e1rio global mais pressionado.<\/p>\n<p data-start=\"2007\" data-end=\"2239\">Ainda assim, o desempenho n\u00e3o foi homog\u00eaneo. Mercados como Espanha ajudaram a mitigar parcialmente o impacto negativo, registrando crescimento de 3,1% nas vendas, enquanto a Fran\u00e7a apresentou expans\u00e3o de 1,4% nas vendas compar\u00e1veis.<\/p>\n<div class=\"google-auto-placed ap_container\"><ins class=\"adsbygoogle adsbygoogle-noablate\" data-ad-format=\"auto\" data-ad-client=\"ca-pub-1743865177675013\" data-adsbygoogle-status=\"done\" data-ad-status=\"filled\"><\/p>\n<div id=\"aswift_5_host\"><\/div>\n<p><\/ins><\/div>\n<p data-start=\"2241\" data-end=\"2439\">Essa diverg\u00eancia entre regi\u00f5es \u00e9 central para compreender o comportamento do\u00a0<strong data-start=\"2318\" data-end=\"2343\">Carrefour vendas 1T26<\/strong>, indicando que fatores macroecon\u00f4micos locais t\u00eam peso decisivo sobre o desempenho operacional.<\/p>\n<h2 data-section-id=\"10vbrzd\" data-start=\"2441\" data-end=\"2511\">Fran\u00e7a mostra resili\u00eancia e sustenta parte do Carrefour vendas 1T26<\/h2>\n<p data-start=\"2513\" data-end=\"2739\">Enquanto o Brasil enfrenta retra\u00e7\u00e3o, a Fran\u00e7a \u2014 principal mercado do grupo \u2014 apresentou desempenho consistente no\u00a0<strong data-start=\"2627\" data-end=\"2652\">Carrefour vendas 1T26<\/strong>, com crescimento nas vendas compar\u00e1veis e estabilidade no comportamento do consumidor.<\/p>\n<p data-start=\"2741\" data-end=\"2932\">Mesmo diante do impacto indireto da guerra no Oriente M\u00e9dio, que elevou custos energ\u00e9ticos, a companhia n\u00e3o identificou mudan\u00e7as relevantes no padr\u00e3o de consumo na Fran\u00e7a durante o trimestre.<\/p>\n<div class=\"google-auto-placed ap_container\"><ins class=\"adsbygoogle adsbygoogle-noablate\" data-ad-format=\"auto\" data-ad-client=\"ca-pub-1743865177675013\" data-adsbygoogle-status=\"done\" data-ad-status=\"filled\"><\/p>\n<div id=\"aswift_6_host\"><\/div>\n<p><\/ins><\/div>\n<p data-start=\"2934\" data-end=\"3136\">Esse contraste refor\u00e7a a tese de que o\u00a0<strong data-start=\"2973\" data-end=\"2998\">Carrefour vendas 1T26<\/strong>\u00a0est\u00e1 sendo moldado por diferentes ciclos econ\u00f4micos, com mercados desenvolvidos demonstrando maior resili\u00eancia frente a choques externos.<\/p>\n<h2 data-section-id=\"yhz3qg\" data-start=\"3138\" data-end=\"3200\">Custos mais altos desafiam margens no Carrefour vendas 1T26<\/h2>\n<p data-start=\"3202\" data-end=\"3434\">Outro elemento cr\u00edtico no resultado do\u00a0<strong data-start=\"3241\" data-end=\"3266\">Carrefour vendas 1T26<\/strong>\u00a0\u00e9 o aumento dos custos operacionais. A eleva\u00e7\u00e3o dos pre\u00e7os de energia, impulsionada por tens\u00f5es geopol\u00edticas, tem impacto direto na estrutura de despesas da companhia.<\/p>\n<p data-start=\"3436\" data-end=\"3635\">Nos \u00faltimos anos, as margens do grupo j\u00e1 vinham em trajet\u00f3ria de compress\u00e3o, recuando de 3,1% para 2,6%. O cen\u00e1rio atual sugere que a recupera\u00e7\u00e3o dessas margens pode ser mais lenta do que o esperado.<\/p>\n<div class=\"google-auto-placed ap_container\"><ins class=\"adsbygoogle adsbygoogle-noablate\" data-ad-format=\"auto\" data-ad-client=\"ca-pub-1743865177675013\" data-adsbygoogle-status=\"done\" data-ad-status=\"filled\"><\/p>\n<div id=\"aswift_7_host\"><\/div>\n<p><\/ins><\/div>\n<p data-start=\"3637\" data-end=\"3804\">Al\u00e9m disso, o repasse desses custos ao consumidor \u00e9 limitado em mercados sens\u00edveis a pre\u00e7o, o que aumenta a press\u00e3o sobre a rentabilidade no\u00a0<strong data-start=\"3778\" data-end=\"3803\">Carrefour vendas 1T26<\/strong>.<\/p>\n<h2 data-section-id=\"1blz1lx\" data-start=\"3806\" data-end=\"3876\">Expans\u00e3o de lojas e estrat\u00e9gia competitiva no Carrefour vendas 1T26<\/h2>\n<p data-start=\"3878\" data-end=\"4128\">Apesar dos desafios, o grupo segue investindo em expans\u00e3o e efici\u00eancia operacional. No primeiro trimestre, foram inauguradas 88 novas lojas de conveni\u00eancia na Fran\u00e7a, movimento estrat\u00e9gico para recuperar participa\u00e7\u00e3o de mercado frente \u00e0 concorr\u00eancia.<\/p>\n<p data-start=\"4130\" data-end=\"4310\">A estrat\u00e9gia reflete uma tentativa de equilibrar o desempenho do\u00a0<strong data-start=\"4195\" data-end=\"4220\">Carrefour vendas 1T26<\/strong>\u00a0por meio de ganho de escala e maior capilaridade, especialmente em mercados mais maduros.<\/p>\n<div class=\"google-auto-placed ap_container\"><ins class=\"adsbygoogle adsbygoogle-noablate\" data-ad-format=\"auto\" data-ad-client=\"ca-pub-1743865177675013\" data-adsbygoogle-status=\"done\" data-ad-status=\"unfill-optimized\"><\/p>\n<div id=\"aswift_8_host\">\n<div class=\"google-aiuf\" data-google-ad-efd=\"true\">\n<div class=\"goog-rentries\">\n<div><span role=\"heading\" aria-label=\"Estes s\u00e3o t\u00f3picos relacionados com o artigo que podem ser do seu interesse\">Descobrir mais<\/span><\/div>\n<div class=\"google-anno-skip goog-rentry\" role=\"link\" aria-label=\"Consultoria em fus\u00f5es e aquisi\u00e7\u00f5es\" data-google-vignette=\"false\" data-google-interstitial=\"false\"><span title=\"Consultoria em fus\u00f5es e aquisi\u00e7\u00f5es\">Consultoria em fus\u00f5es e aquisi\u00e7\u00f5es<\/span><\/div>\n<div class=\"google-anno-skip goog-rentry\" role=\"link\" aria-label=\"Mercado financeiro\" data-google-vignette=\"false\" data-google-interstitial=\"false\"><span title=\"Mercado financeiro\">Mercado financeiro<\/span><\/div>\n<div class=\"google-anno-skip goog-rentry\" role=\"link\" aria-label=\"Newsletter econ\u00f4mica semanal\" data-google-vignette=\"false\" data-google-interstitial=\"false\"><span title=\"Newsletter econ\u00f4mica semanal\">Newsletter econ\u00f4mica semanal<\/span><\/div>\n<div><\/div>\n<\/div>\n<\/div>\n<\/div>\n<p><\/ins><\/div>\n<p data-start=\"4312\" data-end=\"4485\">A concorr\u00eancia com redes de pre\u00e7os mais agressivos, como a E. Leclerc, tem pressionado o grupo a ajustar sua pol\u00edtica comercial, refor\u00e7ando promo\u00e7\u00f5es e efici\u00eancia log\u00edstica.<\/p>\n<h2 data-section-id=\"1l3k7ua\" data-start=\"4487\" data-end=\"4551\">Exposi\u00e7\u00e3o internacional reduz riscos no Carrefour vendas 1T26<\/h2>\n<p data-start=\"4553\" data-end=\"4836\">A diversifica\u00e7\u00e3o geogr\u00e1fica do grupo tamb\u00e9m desempenha papel relevante na leitura do\u00a0<strong data-start=\"4638\" data-end=\"4663\">Carrefour vendas 1T26<\/strong>. A opera\u00e7\u00e3o no Oriente M\u00e9dio, realizada por meio de parceria com a Majid Al Futtaim, permanece est\u00e1vel, sem impactos relevantes em abastecimento ou funcionamento das lojas.<\/p>\n<p data-start=\"4838\" data-end=\"4981\">Esse fator ajuda a reduzir riscos operacionais em um cen\u00e1rio global vol\u00e1til e contribui para a estabilidade relativa do desempenho consolidado.<\/p>\n<h2 data-section-id=\"kqqgd8\" data-start=\"4983\" data-end=\"5048\">A\u00e7\u00f5es sobem mesmo com resultado fraco do Carrefour vendas 1T26<\/h2>\n<p data-start=\"5050\" data-end=\"5258\">Curiosamente, mesmo com o desempenho abaixo do esperado, as a\u00e7\u00f5es do Carrefour acumulam valoriza\u00e7\u00e3o de aproximadamente 18% no ano. O movimento reflete a confian\u00e7a do mercado no plano estrat\u00e9gico da companhia.<\/p>\n<p data-start=\"5260\" data-end=\"5474\">A gest\u00e3o liderada por Alexandre Bompard tem focado na concentra\u00e7\u00e3o em mercados-chave \u2014 Fran\u00e7a, Espanha e Brasil \u2014 e na melhoria da efici\u00eancia operacional, fatores que sustentam a tese de valoriza\u00e7\u00e3o no m\u00e9dio prazo.<\/p>\n<p data-start=\"5476\" data-end=\"5617\">Nesse contexto, o resultado do\u00a0<strong data-start=\"5507\" data-end=\"5532\">Carrefour vendas 1T26<\/strong>\u00a0\u00e9 interpretado mais como um ru\u00eddo de curto prazo do que uma deteriora\u00e7\u00e3o estrutural.<\/p>\n<h2 data-section-id=\"1vqfuoy\" data-start=\"5619\" data-end=\"5694\">Consumo no Brasil segue como principal vari\u00e1vel do Carrefour vendas 1T26<\/h2>\n<p data-start=\"5696\" data-end=\"5857\">O desempenho do\u00a0<strong data-start=\"5712\" data-end=\"5737\">Carrefour vendas 1T26<\/strong>\u00a0refor\u00e7a um ponto central para investidores: o consumo no Brasil continua sendo altamente sens\u00edvel \u00e0 pol\u00edtica monet\u00e1ria.<\/p>\n<p data-start=\"5859\" data-end=\"6090\">Com juros elevados, o cr\u00e9dito se torna mais caro, reduzindo a capacidade de compra das fam\u00edlias e impactando diretamente o varejo. Esse cen\u00e1rio deve persistir enquanto n\u00e3o houver sinal claro de flexibiliza\u00e7\u00e3o da pol\u00edtica monet\u00e1ria.<\/p>\n<p data-start=\"6092\" data-end=\"6274\">Al\u00e9m disso, o ambiente inflacion\u00e1rio, embora mais controlado, ainda influencia o comportamento do consumidor, que tende a priorizar itens essenciais e reduzir gastos discricion\u00e1rios.<\/p>\n<h2 data-section-id=\"eg9e99\" data-start=\"6276\" data-end=\"6342\">O que esperar do varejo ap\u00f3s os sinais do Carrefour vendas 1T26<\/h2>\n<p data-start=\"6344\" data-end=\"6589\">A leitura do\u00a0<strong data-start=\"6357\" data-end=\"6382\">Carrefour vendas 1T26<\/strong>\u00a0vai al\u00e9m da empresa e serve como term\u00f4metro para o setor varejista. O desempenho indica que o mercado brasileiro ainda enfrenta desafios relevantes, enquanto mercados europeus demonstram maior estabilidade.<\/p>\n<p data-start=\"6591\" data-end=\"6754\">Para os pr\u00f3ximos trimestres, a expectativa \u00e9 de continuidade desse cen\u00e1rio, com recupera\u00e7\u00e3o gradual condicionada \u00e0 queda dos juros e \u00e0 melhora da renda dispon\u00edvel.<\/p>\n<hr data-start=\"6756\" data-end=\"6759\" \/>\n<h2 data-section-id=\"qu0wqw\" data-start=\"6761\" data-end=\"6831\">Juros altos e consumo fraco redesenham o varejo alimentar no Brasil<\/h2>\n<p data-start=\"6833\" data-end=\"7126\">O resultado do\u00a0<strong data-start=\"6848\" data-end=\"6873\">Carrefour vendas 1T26<\/strong>\u00a0evidencia uma transforma\u00e7\u00e3o estrutural no comportamento do consumidor brasileiro. A combina\u00e7\u00e3o de juros elevados, cr\u00e9dito restrito e press\u00e3o inflacion\u00e1ria tem alterado padr\u00f5es de consumo, favorecendo produtos essenciais e pressionando margens do setor.<\/p>\n<p data-start=\"7128\" data-end=\"7268\">Esse ambiente exige adapta\u00e7\u00e3o das empresas, com foco em efici\u00eancia operacional, controle de custos e estrat\u00e9gias comerciais mais agressivas.<\/p>\n<\/div>\n<\/div>\n<\/div>\n<\/div>\n<\/div>\n","protected":false},"excerpt":{"rendered":"<p>A divulga\u00e7\u00e3o dos resultados do primeiro trimestre trouxe um sinal relevante para o setor varejista: o desempenho do\u00a0Carrefour vendas 1T26\u00a0ficou abaixo das expectativas do mercado, refletindo um ambiente macroecon\u00f4mico desafiador no Brasil e pressionado por juros elevados. O resultado refor\u00e7a a leitura de desacelera\u00e7\u00e3o do consumo dom\u00e9stico, ao mesmo tempo em que evidencia a resili\u00eancia de mercados europeus, especialmente a Fran\u00e7a.<\/p>\n","protected":false},"author":5,"featured_media":0,"comment_status":"closed","ping_status":"closed","sticky":false,"template":"","format":"standard","meta":{"_acf_changed":false,"footnotes":""},"categories":[56],"tags":[],"class_list":["post-127604","post","type-post","status-publish","format-standard","hentry","category-l-founders"],"acf":[],"_links":{"self":[{"href":"https:\/\/monitoramento.spmj.com.br\/noticias\/wp-json\/wp\/v2\/posts\/127604","targetHints":{"allow":["GET"]}}],"collection":[{"href":"https:\/\/monitoramento.spmj.com.br\/noticias\/wp-json\/wp\/v2\/posts"}],"about":[{"href":"https:\/\/monitoramento.spmj.com.br\/noticias\/wp-json\/wp\/v2\/types\/post"}],"author":[{"embeddable":true,"href":"https:\/\/monitoramento.spmj.com.br\/noticias\/wp-json\/wp\/v2\/users\/5"}],"replies":[{"embeddable":true,"href":"https:\/\/monitoramento.spmj.com.br\/noticias\/wp-json\/wp\/v2\/comments?post=127604"}],"version-history":[{"count":1,"href":"https:\/\/monitoramento.spmj.com.br\/noticias\/wp-json\/wp\/v2\/posts\/127604\/revisions"}],"predecessor-version":[{"id":127605,"href":"https:\/\/monitoramento.spmj.com.br\/noticias\/wp-json\/wp\/v2\/posts\/127604\/revisions\/127605"}],"wp:attachment":[{"href":"https:\/\/monitoramento.spmj.com.br\/noticias\/wp-json\/wp\/v2\/media?parent=127604"}],"wp:term":[{"taxonomy":"category","embeddable":true,"href":"https:\/\/monitoramento.spmj.com.br\/noticias\/wp-json\/wp\/v2\/categories?post=127604"},{"taxonomy":"post_tag","embeddable":true,"href":"https:\/\/monitoramento.spmj.com.br\/noticias\/wp-json\/wp\/v2\/tags?post=127604"}],"curies":[{"name":"wp","href":"https:\/\/api.w.org\/{rel}","templated":true}]}}