{"id":127549,"date":"2026-04-22T12:32:16","date_gmt":"2026-04-22T15:32:16","guid":{"rendered":"https:\/\/monitoramento.spmj.com.br\/noticias\/?p=127549"},"modified":"2026-04-22T12:32:16","modified_gmt":"2026-04-22T15:32:16","slug":"sequoia-seql3-vende-ativos-de-e-commerce-para-o-mercado-livre-meli34","status":"publish","type":"post","link":"https:\/\/monitoramento.spmj.com.br\/noticias\/2026\/04\/22\/sequoia-seql3-vende-ativos-de-e-commerce-para-o-mercado-livre-meli34\/","title":{"rendered":"Sequoia (SEQL3) vende ativos de e-commerce para o Mercado Livre (MELI34)"},"content":{"rendered":"<div class=\"news-header\">\n<h2 class=\"sub-title\">O neg\u00f3cio de US$ 7,5 milh\u00f5es representa a \u00faltima etapa da reestrutura\u00e7\u00e3o da Sequoia.<\/h2>\n<div class=\"news-info\">\n<div class=\"publisher\"><\/div>\n<div class=\"social\">\n<div class=\"social-item\"><\/div>\n<\/div>\n<\/div>\n<\/div>\n<div class=\"news-body \">\n<div class=\"news-body--image\">\n<figure><img decoding=\"async\" title=\"Com neg\u00f3cio, Sequoia deixa o mercado de e-commerce (Imagem: Shutterstock)\" src=\"https:\/\/investidor10.com.br\/storage\/news\/69e8c27a4818f.jpg\" alt=\"Com neg\u00f3cio, Sequoia deixa o mercado de e-commerce (Imagem: Shutterstock)\" \/><figcaption>Com neg\u00f3cio, Sequoia deixa o mercado de e-commerce (Imagem: Shutterstock)<\/figcaption><\/figure>\n<\/div>\n<div class=\"news-body--content\">\n<div>A\u00a0<a href=\"https:\/\/investidor10.com.br\/acoes\/seql3\/\">Sequoia (SEQL3)<\/a>\u00a0fechou um acordo milion\u00e1rio com o\u00a0<a href=\"https:\/\/investidor10.com.br\/bdrs\/meli34\/\">Mercado Livre (MELI34)<\/a>, que promete reconfigurar a sua \u00e1rea de atua\u00e7\u00e3o e coroar o seu processo de reestrutura\u00e7\u00e3o.<\/div>\n<div> A companhia brasileira vendeu ativos operacionais avaliados em US$ 7,5 milh\u00f5es para o marketplace argentino. Isto \u00e9, mais de R$ 37 milh\u00f5es no c\u00e2mbio atual.<\/div>\n<div>Entre os ativos, est\u00e1 o sistema de classifica\u00e7\u00e3o de cargas de alta tecnologia Mega Sorter Damon, que opera em um centro de distribui\u00e7\u00e3o de S\u00e3o Paulo, cujo contrato de loca\u00e7\u00e3o foi transferido para o Mercado Livre.<\/div>\n<h2>Sequoia deixa e-commerce<\/h2>\n<div>A opera\u00e7\u00e3o marca a sa\u00edda da Sequoia do segmento de log\u00edstica para e-commerce. Por\u00e9m, tamb\u00e9m representa a etapa final do processo de reestrutura\u00e7\u00e3o da empresa, de acordo com a sua administra\u00e7\u00e3o.<\/div>\n<div> Em fato relevante, a Sequoia alegou que esse mercado perdeu atratividade no Brasil, devido \u00e0 alta concorr\u00eancia com os marketplaces, as margens apertadas e a forte demanda por capital de giro.<\/div>\n<div>Al\u00e9m disso, revelou que o Mega Sorter Damon vinha dando preju\u00edzo, j\u00e1 que possui uma capacidade compat\u00edvel apenas com grandes volumes de marketplaces e vinha operando sem grande escala.<\/div>\n<div>A Sequoia diz, ent\u00e3o, que a opera\u00e7\u00e3o marca a sua sa\u00edda de um segmento que vinha &#8220;drenando recursos financeiros e esfor\u00e7os comerciais, operacionais e administrativos&#8221;. Logo, permitir\u00e1 que a companhia foque no crescimento de opera\u00e7\u00f5es rent\u00e1veis.<\/div>\n<div>Agora, a Sequoia pretende focar nos segmentos em que &#8220;possui s\u00f3lido hist\u00f3rico operacional e gera\u00e7\u00e3o positiva de caixa&#8221;. Ou seja, na log\u00edstica de objetos banc\u00e1rios e no segmento B2B, por meio de atividades como a entrega de maquininhas e cart\u00f5es de bancos, por exemplo.<\/div>\n<h2>Ganho de liquidez<\/h2>\n<div>A Sequoia indicou ainda que o neg\u00f3cio deve ser quitado no curto prazo, o que trar\u00e1 liquidez e permitir\u00e1 que a companhia reorganize suas contas.<\/div>\n<div>Veja o cronograma de pagamento acertado com o Mercado Livre:<\/div>\n<div>\n<ul>\n<li>50% em at\u00e9 21 dias corridos ap\u00f3s o cumprimento das condi\u00e7\u00f5es precedentes, como a aprova\u00e7\u00e3o do Cade (Conselho Administrativo de Defesa Econ\u00f4mica);<\/li>\n<li>25% em at\u00e9 21 dias corridos ap\u00f3s o pagamento da primeira parcela, condicionado \u00e0 assinatura do instrumento de cess\u00e3o aplic\u00e1vel;<\/li>\n<li>25% em at\u00e9 21 dias corridos ap\u00f3s a conclus\u00e3o da tradi\u00e7\u00e3o f\u00edsica e operacional dos ativos.<\/li>\n<\/ul>\n<\/div>\n<div>&#8220;A conclus\u00e3o da venda e da desmobiliza\u00e7\u00e3o desse segmento \u00e9 a etapa final do processo de reestrutura\u00e7\u00e3o iniciado no final de 2023&#8221;, concluiu a Sequoia.<\/div>\n<h2>Reestrutura\u00e7\u00e3o<\/h2>\n<div>A Sequoia \u00e9 uma das maiores empresas privadas de log\u00edstica e entregas do pa\u00eds, sobretudo depois da\u00a0<a href=\"https:\/\/investidor10.com.br\/noticias\/sequoia-seql3-conclui-fusao-com-move3-criando-gigante-das-entregas-102785\/\">fus\u00e3o com a Move3<\/a>\u00a0em 2023.<\/div>\n<div>Por\u00e9m, vem dando preju\u00edzo e chegou a dar calote em fundos imobili\u00e1rios em 2023, tendo sido citada at\u00e9 em pedidos de fal\u00eancia. Por isso, acabou entrando em reestrutura\u00e7\u00e3o.<\/div>\n<div>A companhia descontinuou rotas e clientes de menor rentabilidade e j\u00e1 havia vendido outros ativos para focar em opera\u00e7\u00f5es mais rent\u00e1veis. Al\u00e9m disso, trocou de comando e pediu recupera\u00e7\u00e3o extrajudicial para renegociar suas d\u00edvidas em 2024.<\/div>\n<div>Nesta semana, a Sequoia j\u00e1 havia anunciado outro passo definitivo desse processo de recupera\u00e7\u00e3o: um acordo com a Receita Federal e a Procuradoria-Geral da Fazenda Nacional para reduzir em 84% o seu passivo tribut\u00e1rio e permitir o parcelamento dessa d\u00edvida.<\/div>\n<div>O acordo ainda permitir\u00e1 que a empresa receba certid\u00f5es negativas de d\u00e9bito, participe em novos processos licitat\u00f3rios, renove contratos e acesse linhas de cr\u00e9dito mais competitivas, al\u00e9m de afastar execu\u00e7\u00f5es fiscais. Logo, abre &#8220;caminho um crescimento sustent\u00e1vel e para a entrega de valor aos seus acionistas e parceiros&#8221;, segundo a Sequoia.<\/div>\n<h2>O impacto nas a\u00e7\u00f5es<\/h2>\n<div> Com o acordo tribut\u00e1rio, as a\u00e7\u00f5es da Sequoia subiram mais de 21% na segunda-feira (20). O papel, contudo, ainda figura entre as penny stocks (a\u00e7\u00f5es que valem centavos) da B3. Por isso, a companhia avalia fazer um novo grupamento de a\u00e7\u00f5es neste ano.<\/div>\n<div>A Sequoia foi notificada pela B3 no final de mar\u00e7o, devido ao baixo valor dos seus papeis. Por isso, tem at\u00e9 25 de setembro para fazer com que as a\u00e7\u00f5es voltem a ser negociadas acima de R$ 1. A companhia disse, ent\u00e3o, que pretende ajustar a cota\u00e7\u00e3o por meio de um novo grupamento, mas ainda n\u00e3o apresentou o cronograma da opera\u00e7\u00e3o.<\/div>\n<\/div>\n<\/div>\n<div class=\"news-tags\"><\/div>\n","protected":false},"excerpt":{"rendered":"<p>A\u00a0Sequoia (SEQL3)\u00a0fechou um acordo milion\u00e1rio com o\u00a0Mercado Livre (MELI34), que promete reconfigurar a sua \u00e1rea de atua\u00e7\u00e3o e coroar o seu processo de reestrutura\u00e7\u00e3o.<\/p>\n","protected":false},"author":5,"featured_media":0,"comment_status":"closed","ping_status":"closed","sticky":false,"template":"","format":"standard","meta":{"_acf_changed":false,"footnotes":""},"categories":[56],"tags":[],"class_list":["post-127549","post","type-post","status-publish","format-standard","hentry","category-l-founders"],"acf":[],"_links":{"self":[{"href":"https:\/\/monitoramento.spmj.com.br\/noticias\/wp-json\/wp\/v2\/posts\/127549","targetHints":{"allow":["GET"]}}],"collection":[{"href":"https:\/\/monitoramento.spmj.com.br\/noticias\/wp-json\/wp\/v2\/posts"}],"about":[{"href":"https:\/\/monitoramento.spmj.com.br\/noticias\/wp-json\/wp\/v2\/types\/post"}],"author":[{"embeddable":true,"href":"https:\/\/monitoramento.spmj.com.br\/noticias\/wp-json\/wp\/v2\/users\/5"}],"replies":[{"embeddable":true,"href":"https:\/\/monitoramento.spmj.com.br\/noticias\/wp-json\/wp\/v2\/comments?post=127549"}],"version-history":[{"count":1,"href":"https:\/\/monitoramento.spmj.com.br\/noticias\/wp-json\/wp\/v2\/posts\/127549\/revisions"}],"predecessor-version":[{"id":127550,"href":"https:\/\/monitoramento.spmj.com.br\/noticias\/wp-json\/wp\/v2\/posts\/127549\/revisions\/127550"}],"wp:attachment":[{"href":"https:\/\/monitoramento.spmj.com.br\/noticias\/wp-json\/wp\/v2\/media?parent=127549"}],"wp:term":[{"taxonomy":"category","embeddable":true,"href":"https:\/\/monitoramento.spmj.com.br\/noticias\/wp-json\/wp\/v2\/categories?post=127549"},{"taxonomy":"post_tag","embeddable":true,"href":"https:\/\/monitoramento.spmj.com.br\/noticias\/wp-json\/wp\/v2\/tags?post=127549"}],"curies":[{"name":"wp","href":"https:\/\/api.w.org\/{rel}","templated":true}]}}