{"id":127516,"date":"2026-04-22T08:53:16","date_gmt":"2026-04-22T11:53:16","guid":{"rendered":"https:\/\/monitoramento.spmj.com.br\/noticias\/?p=127516"},"modified":"2026-04-22T08:53:16","modified_gmt":"2026-04-22T11:53:16","slug":"fim-da-jornada-6x1-sindicato-preve-custo-de-r-4167-mi-para-varejo-de-campinas-economistas-contestam-2","status":"publish","type":"post","link":"https:\/\/monitoramento.spmj.com.br\/noticias\/2026\/04\/22\/fim-da-jornada-6x1-sindicato-preve-custo-de-r-4167-mi-para-varejo-de-campinas-economistas-contestam-2\/","title":{"rendered":"Fim da jornada 6&#215;1: sindicato prev\u00ea custo de R$ 416,7 mi para varejo de Campinas; economistas contestam"},"content":{"rendered":"<h2 class=\"content-head__subtitle\">Entidade estima necessidade de 10,7 mil novos trabalhadores para manter atendimento, mas especialistas questionam metodologia e alertam para risco de aumento da informalidade e da &#8216;pejotiza\u00e7\u00e3o&#8217;.<\/h2>\n<div id=\"chunk-ci0nh\">\n<div class=\"mc-column content-text active-extra-styles \" data-block-type=\"unstyled\" data-block-weight=\"38\" data-block-id=\"3\">\n<p class=\" content-text__container \" data-track-category=\"Link no Texto\" data-track-links=\"\" data-mrf-recirculation=\"Mat\u00e9ria - Links no Texto\">Um estudo do Sindicato do Com\u00e9rcio Varejista de\u00a0<a class=\"\" href=\"https:\/\/g1.globo.com\/sp\/campinas-regiao\/cidade\/campinas\/\" data-mrf-link=\"https:\/\/g1.globo.com\/sp\/campinas-regiao\/cidade\/campinas\/\">Campinas<\/a>\u00a0(SindiVarejista) aponta que o fim da jornada de 44 horas semanais pode gerar um\u00a0<span class=\"highlight highlighted\">custo extra de at\u00e9 R$ 416,7 milh\u00f5es por ano para o setor<\/span>\u00a0na cidade.<\/p>\n<\/div>\n<\/div>\n<div class=\"wall protected-content\">\n<div id=\"chunk-8etrn\">\n<div class=\"mc-column content-text active-extra-styles \" data-block-type=\"unstyled\" data-block-weight=\"25\" data-block-id=\"5\">\n<p class=\" content-text__container \" data-track-category=\"Link no Texto\" data-track-links=\"\" data-mrf-recirculation=\"Mat\u00e9ria - Links no Texto\">No entanto, economistas ouvidos pelo<strong>\u00a0g1\u00a0<\/strong><span class=\"highlight highlighted\">contestam a metodologia e preveem um impacto menor<\/span>, al\u00e9m de alertarem para outros riscos, como o aumento da informalidade.<\/p>\n<\/div>\n<\/div>\n<div id=\"chunk-aeurm\">\n<div class=\"mc-column content-text active-extra-styles \" data-block-type=\"unstyled\" data-block-weight=\"27\" data-block-id=\"11\">\n<p class=\" content-text__container \" data-track-category=\"Link no Texto\" data-track-links=\"\" data-mrf-recirculation=\"Mat\u00e9ria - Links no Texto\">Os economistas Elaine Rosandiski, professora da PUC-Campinas, e Jos\u00e9 Ruas, presidente do Instituto de Pesquisa e Estudos Econ\u00f4micos e Sociais (IPEES), contestam os dados.\u00a0<strong>Veja os contrapontos:<\/strong><\/p>\n<\/div>\n<\/div>\n<div id=\"chunk-bjtqd\">\n<div class=\"mc-column content-text active-extra-styles\" data-block-type=\"raw\" data-block-weight=\"104\" data-block-id=\"12\">\n<ul class=\"content-unordered-list\" data-mrf-recirculation=\"Mat\u00e9ria - Leia Tamb\u00e9m (Lista)\">\n<li><strong> Metodologia:\u00a0<\/strong>para eles, o estudo usa um sal\u00e1rio m\u00e9dio (R$ 3.114) inflado, pois inclui gerentes, enquanto o custo de reposi\u00e7\u00e3o de um vendedor seria menor (entre R$ 1.800 e R$ 2.000)<\/li>\n<li><strong> Custo real:\u00a0<\/strong>o impacto real nos custos do com\u00e9rcio deve ficar entre 1,5% e 2%, um valor que consideram absorv\u00edvel pelo setor<\/li>\n<li><strong>\ufe0f &#8216;Efeito multiplicador&#8217;:\u00a0<\/strong>com mais tempo livre, os trabalhadores tendem a consumir mais, o que pode aquecer a economia local, um fator n\u00e3o considerado no estudo do sindicato<\/li>\n<li><strong>\ufe0f Repasse de pre\u00e7os:\u00a0<\/strong>pequenos varejistas t\u00eam dificuldade em repassar custos aos pre\u00e7os, pois n\u00e3o t\u00eam poder de mercado para isso<\/li>\n<\/ul>\n<\/div>\n<\/div>\n<div id=\"chunk-ds7uv\">\n<div class=\"content-ads content-ads--reveal\" data-block-type=\"ads\" data-block-id=\"13\">\n<div id=\"banner_materia__95d9460c-2a7b-460d-b06b-882fc2e1ace6\">\n<div id=\"google_ads_iframe_\/95377733\/tvg_G1\/Sua_Regiao&gt;Sudeste&gt;Sao_Paulo_(Campinas)\/Internas_4__container__\"><\/div>\n<\/div>\n<\/div>\n<\/div>\n<div id=\"chunk-9p3ba\">\n<div class=\"mc-column content-text active-extra-styles\" data-block-type=\"raw\" data-block-weight=\"4\" data-block-id=\"14\">\n<div class=\"content-intertitle\">\n<h2>Riscos para o trabalhador<\/h2>\n<\/div>\n<\/div>\n<\/div>\n<div id=\"chunk-cpc2m\">\n<div class=\"mc-column content-text active-extra-styles \" data-block-type=\"unstyled\" data-block-weight=\"18\" data-block-id=\"15\">\n<p class=\" content-text__container \" data-track-category=\"Link no Texto\" data-track-links=\"\" data-mrf-recirculation=\"Mat\u00e9ria - Links no Texto\">Apesar de contestarem os n\u00fameros, os economistas alertam para outros riscos que a medida pode trazer aos trabalhadores.<\/p>\n<\/div>\n<\/div>\n<div id=\"chunk-7vo1h\">\n<div class=\"mc-column content-text active-extra-styles\" data-block-type=\"raw\" data-block-weight=\"73\" data-block-id=\"16\">\n<ul class=\"content-unordered-list\" data-mrf-recirculation=\"Mat\u00e9ria - Leia Tamb\u00e9m (Lista)\">\n<li><strong>Informalidade:<\/strong>\u00a0Elaine Rosandiski aponta a possibilidade de crescimento do trabalho sem registro. &#8220;Muitas pessoas aceitam porque n\u00e3o t\u00eam outra alternativa. Ou eu ganho R$ 1,5 mil ou eu ganho mais aceitando trabalhar sem carteira e numa posi\u00e7\u00e3o muito mais fragilizada&#8221;, comenta.<\/li>\n<li><strong>&#8216;Pejotiza\u00e7\u00e3o&#8217;:\u00a0<\/strong>Jos\u00e9 Ruas prev\u00ea um avan\u00e7o na contrata\u00e7\u00e3o de pessoas jur\u00eddicas (PJ) no m\u00e9dio prazo para reduzir encargos. &#8220;V\u00e3o acabar contratando informalmente, como PJ, ou para bicos nos hor\u00e1rios de pico&#8221;, afirma.<\/li>\n<\/ul>\n<\/div>\n<\/div>\n<div id=\"chunk-c3gqq\">\n<div class=\"mc-column content-text active-extra-styles\" data-block-type=\"raw\" data-block-weight=\"4\" data-block-id=\"17\">\n<div class=\"content-intertitle\">\n<h2>O caminho da negocia\u00e7\u00e3o<\/h2>\n<\/div>\n<\/div>\n<\/div>\n<div id=\"chunk-7rob4\">\n<div class=\"mc-column content-text active-extra-styles \" data-block-type=\"unstyled\" data-block-weight=\"35\" data-block-id=\"18\">\n<p class=\" content-text__container \" data-track-category=\"Link no Texto\" data-track-links=\"\" data-mrf-recirculation=\"Mat\u00e9ria - Links no Texto\">O SindiVarejista defende que a transi\u00e7\u00e3o seja feita por meio de\u00a0<strong>negocia\u00e7\u00e3o coletiva<\/strong>, para respeitar as particularidades de cada setor. J\u00e1 a economista Elaine Rosandiski argumenta que\u00a0<strong>regras legais<\/strong>\u00a0s\u00e3o necess\u00e1rias para proteger o trabalhador.<\/p>\n<\/div>\n<\/div>\n<div id=\"chunk-faqns\">\n<div class=\"mc-column content-text active-extra-styles\" data-block-type=\"raw\" data-block-weight=\"38\" data-block-id=\"19\">\n<blockquote class=\"content-blockquote theme-border-color-primary-before\"><p>&#8220;Quando voc\u00ea n\u00e3o tem poder de barganha, a negocia\u00e7\u00e3o fica muito mais dif\u00edcil. Muitos trabalham com a ideia de que \u00e9 melhor pingar do que faltar. Ent\u00e3o, as pessoas v\u00e3o aceitar trabalhar por um valor mais baixo&#8221;, explica.<\/p><\/blockquote>\n<p>&nbsp;<\/p>\n<\/div>\n<\/div>\n<div id=\"chunk-26odo\">\n<div class=\"mc-column content-text active-extra-styles \" data-block-type=\"unstyled\" data-block-weight=\"19\" data-block-id=\"20\">\n<p class=\" content-text__container \" data-track-category=\"Link no Texto\" data-track-links=\"\" data-mrf-recirculation=\"Mat\u00e9ria - Links no Texto\">Ambos os lados, no entanto, concordam sobre a necessidade de um debate aprofundado para avaliar os efeitos da medida.<\/p>\n<\/div>\n<\/div>\n<div id=\"chunk-8q7lb\">\n<div class=\"mc-column content-text active-extra-styles\" data-block-type=\"raw\" data-block-weight=\"58\" data-block-id=\"21\">\n<blockquote class=\"content-blockquote theme-border-color-primary-before\"><p>&#8220;Acho que tem que ter calma nessa hora, para que a gente n\u00e3o absorva a ideia de que empresas v\u00e3o fechar ou trabalhar em hor\u00e1rios menores. \u00c9 uma quest\u00e3o de adapta\u00e7\u00e3o a essa jornada. Acho que esse ajuste \u00e9 algo que cada com\u00e9rcio, cada prestador de servi\u00e7o vai encontrar, conforme a sua melhor possibilidade de adapta\u00e7\u00e3o&#8221;, finaliza Rosandiski.<\/p><\/blockquote>\n<\/div>\n<\/div>\n<div id=\"chunk-1dui3\">\n<div class=\"row medium-uncollapsed content-media content-photo\" data-block-type=\"backstage-photo\" data-block-id=\"23\">\n<div class=\" mc-column content-media__container\">\n<div class=\"content-media-container glb-skeleton-box\">\n<figure class=\"content-media-figure\"><img decoding=\"async\" class=\"i-amphtml-fill-content i-amphtml-replaced-content\" src=\"https:\/\/s2-g1.glbimg.com\/LdjI6b_0MMKi23wmYjmO8OcXL3w=\/0x0:2000x1333\/984x0\/smart\/filters:strip_icc()\/i.s3.glbimg.com\/v1\/AUTH_59edd422c0c84a879bd37670ae4f538a\/internal_photos\/bs\/2019\/h\/V\/GKbAnvRJeSjVwUeUMAhA\/sem-titulo-f99a3814-celso-tavares-g1-.jpg\" alt=\"Fim da jornada 6x1: sindicato prev\u00ea custo de R$ 416,7 mi para varejo de Campinas; economistas contestam \u2014 Foto: Celso Tavares\/g1\" \/><\/figure>\n<\/div>\n<p class=\"content-media__description \">Fim da jornada 6&#215;1: sindicato prev\u00ea custo de R$ 416,7 mi para varejo de Campinas; economistas contestam \u2014 Foto: Celso Tavares\/g1<\/p>\n<\/div>\n<\/div>\n<\/div>\n<div id=\"chunk-f2us7\">\n<div class=\"mc-column content-text active-extra-styles\" data-block-type=\"raw\" data-block-weight=\"3\" data-block-id=\"24\">\n<div class=\"content-intertitle\">\n<h2>Projeto de lei<\/h2>\n<\/div>\n<p>&nbsp;<\/p>\n<\/div>\n<\/div>\n<div id=\"chunk-eehvm\">\n<div class=\"mc-column content-text active-extra-styles \" data-block-type=\"unstyled\" data-block-weight=\"39\" data-block-id=\"25\">\n<p class=\" content-text__container \" data-track-category=\"Link no Texto\" data-track-links=\"\" data-mrf-recirculation=\"Mat\u00e9ria - Links no Texto\">O presidente Luiz In\u00e1cio Lula da Silva (PT)\u00a0<a class=\"\" href=\"https:\/\/g1.globo.com\/politica\/noticia\/2026\/04\/15\/6x1-governo-apresenta-projeto-que-reduz-limite-de-jornada-de-trabalho-semanal-para-40-horas-e-preve-dois-dias-de-descanso-veja-detalhes.ghtml\" data-mrf-link=\"https:\/\/g1.globo.com\/politica\/noticia\/2026\/04\/15\/6x1-governo-apresenta-projeto-que-reduz-limite-de-jornada-de-trabalho-semanal-para-40-horas-e-preve-dois-dias-de-descanso-veja-detalhes.ghtml\">encaminhou ao Congresso Nacional na ter\u00e7a-feira (14) um projeto de lei que acaba com a chamada escala 6&#215;1<\/a>. Ou seja, o modelo de seis dias de trabalho para um de descanso.<\/p>\n<\/div>\n<\/div>\n<div id=\"chunk-6ene\">\n<div class=\"mc-column content-text active-extra-styles \" data-block-type=\"unstyled\" data-block-weight=\"34\" data-block-id=\"26\">\n<p class=\" content-text__container \" data-track-category=\"Link no Texto\" data-track-links=\"\" data-mrf-recirculation=\"Mat\u00e9ria - Links no Texto\">O texto prev\u00ea a redu\u00e7\u00e3o do limite de jornada de trabalho semanal de 44 para 40 horas e\u00a0<span class=\"highlight highlighted\">reduz a escala de 6 para 5 dias de trabalho, com dois dias de descanso remunerado<\/span>.<\/p>\n<\/div>\n<\/div>\n<div id=\"chunk-1nonh\">\n<div class=\"mc-column content-text active-extra-styles \" data-block-type=\"unstyled\" data-block-weight=\"30\" data-block-id=\"27\">\n<p class=\" content-text__container \" data-track-category=\"Link no Texto\" data-track-links=\"\" data-mrf-recirculation=\"Mat\u00e9ria - Links no Texto\"><strong>Na pr\u00e1tica, isso leva \u00e0 ado\u00e7\u00e3o do modelo chamado de &#8220;5&#215;2&#8221;<\/strong>. Segundo o governo, os dias de repouso poder\u00e3o ser definidos em negocia\u00e7\u00e3o coletiva, &#8220;respeitando as peculiaridades de cada atividade&#8221;.<\/p>\n<\/div>\n<\/div>\n<div id=\"chunk-f8tud\">\n<div class=\"content-ads content-ads--reveal\" data-block-type=\"ads\" data-block-id=\"28\">\n<div id=\"banner_materia__7864f6bd-54e0-47a9-8492-a068a9ef333e\" class=\"tag-manager-publicidade-container tag-manager-publicidade-banner_materia__7864f6bd-54e0-47a9-8492-a068a9ef333e tag-manager-publicidade-container--carregado tag-manager-publicidade-container--visivel\" data-google-query-id=\"CJzVvoCygZQDFdAMHgAdbDgXpA\">\n<div id=\"google_ads_iframe_\/95377733\/tvg_G1\/Sua_Regiao&gt;Sudeste&gt;Sao_Paulo_(Campinas)\/Internas_7__container__\"><\/div>\n<\/div>\n<\/div>\n<\/div>\n<div id=\"chunk-bdckm\">\n<div class=\"mc-column content-text active-extra-styles \" data-block-type=\"unstyled\" data-block-weight=\"31\" data-block-id=\"29\">\n<p class=\" content-text__container \" data-track-category=\"Link no Texto\" data-track-links=\"\" data-mrf-recirculation=\"Mat\u00e9ria - Links no Texto\">A proposta foi encaminhada com urg\u00eancia constitucional. O texto da proposta j\u00e1 est\u00e1 dispon\u00edvel no sistema da C\u00e2mara dos Deputados e aguarda despacho do presidente da Casa para come\u00e7ar a tramitar.<\/p>\n<\/div>\n<\/div>\n<div id=\"chunk-ar7fn\">\n<div class=\"mc-column content-text active-extra-styles\" data-block-type=\"raw\" data-block-weight=\"3\" data-block-id=\"30\">\n<div class=\"content-intertitle\">\n<h2>Proposta do governo<\/h2>\n<\/div>\n<p>&nbsp;<\/p>\n<\/div>\n<\/div>\n<div id=\"chunk-cgdi5\">\n<div class=\"mc-column content-text active-extra-styles \" data-block-type=\"unstyled\" data-block-weight=\"23\" data-block-id=\"31\">\n<p class=\" content-text__container \" data-track-category=\"Link no Texto\" data-track-links=\"\" data-mrf-recirculation=\"Mat\u00e9ria - Links no Texto\">A proposta encaminhada nesta ter\u00e7a mant\u00e9m escala 12hx36 em casos de acordo coletivo, desde que seja respeitada a m\u00e9dia de 40 horas semanais.<\/p>\n<\/div>\n<\/div>\n<div id=\"chunk-6i0un\">\n<div class=\"mc-column content-text active-extra-styles \" data-block-type=\"unstyled\" data-block-weight=\"33\" data-block-id=\"32\">\n<p class=\" content-text__container \" data-track-category=\"Link no Texto\" data-track-links=\"\" data-mrf-recirculation=\"Mat\u00e9ria - Links no Texto\"><em>\u00a0A escala 12&#215;36 \u00e9 um regime de trabalho onde o funcion\u00e1rio trabalha por 12 horas seguidas e descansa nas 36 horas subsequentes, garantindo um dia de folga para cada dia de trabalho.<\/em><\/p>\n<\/div>\n<\/div>\n<div id=\"chunk-ep9q8\">\n<div class=\"mc-column content-text active-extra-styles \" data-block-type=\"unstyled\" data-block-weight=\"13\" data-block-id=\"33\">\n<p class=\" content-text__container \" data-track-category=\"Link no Texto\" data-track-links=\"\" data-mrf-recirculation=\"Mat\u00e9ria - Links no Texto\">Al\u00e9m disso,\u00a0<strong><span class=\"highlight highlighted\">pro\u00edbe que o sal\u00e1rio do trabalhador seja reduzido com as mudan\u00e7as<\/span><\/strong>.<\/p>\n<\/div>\n<\/div>\n<div id=\"chunk-645rt\">\n<div class=\"mc-column content-text active-extra-styles \" data-block-type=\"unstyled\" data-block-weight=\"24\" data-block-id=\"34\">\n<p class=\" content-text__container \" data-track-category=\"Link no Texto\" data-track-links=\"\" data-mrf-recirculation=\"Mat\u00e9ria - Links no Texto\">Segundo o governo, o texto possui abrang\u00eancia ampla e alcan\u00e7a dom\u00e9sticos, comerci\u00e1rio, atletas, aeronautas, radialistas e outras categorias abrangidas pela CLT e leis especiais.<\/p>\n<\/div>\n<\/div>\n<\/div>\n","protected":false},"excerpt":{"rendered":"<p>Entidade estima necessidade de 10,7 mil novos trabalhadores para manter atendimento, mas especialistas questionam metodologia e alertam para risco de aumento da informalidade e da &#8216;pejotiza\u00e7\u00e3o&#8217;. Um estudo do Sindicato &hellip; <a href=\"https:\/\/monitoramento.spmj.com.br\/noticias\/2026\/04\/22\/fim-da-jornada-6x1-sindicato-preve-custo-de-r-4167-mi-para-varejo-de-campinas-economistas-contestam-2\/\" class=\"more-link\">Continuar lendo <span class=\"screen-reader-text\">Fim da jornada 6&#215;1: sindicato prev\u00ea custo de R$ 416,7 mi para varejo de Campinas; economistas contestam<\/span><\/a><\/p>\n","protected":false},"author":5,"featured_media":0,"comment_status":"closed","ping_status":"closed","sticky":false,"template":"","format":"standard","meta":{"_acf_changed":false,"footnotes":""},"categories":[44],"tags":[],"class_list":["post-127516","post","type-post","status-publish","format-standard","hentry","category-shopping-patio-higienopolis"],"acf":[],"_links":{"self":[{"href":"https:\/\/monitoramento.spmj.com.br\/noticias\/wp-json\/wp\/v2\/posts\/127516","targetHints":{"allow":["GET"]}}],"collection":[{"href":"https:\/\/monitoramento.spmj.com.br\/noticias\/wp-json\/wp\/v2\/posts"}],"about":[{"href":"https:\/\/monitoramento.spmj.com.br\/noticias\/wp-json\/wp\/v2\/types\/post"}],"author":[{"embeddable":true,"href":"https:\/\/monitoramento.spmj.com.br\/noticias\/wp-json\/wp\/v2\/users\/5"}],"replies":[{"embeddable":true,"href":"https:\/\/monitoramento.spmj.com.br\/noticias\/wp-json\/wp\/v2\/comments?post=127516"}],"version-history":[{"count":2,"href":"https:\/\/monitoramento.spmj.com.br\/noticias\/wp-json\/wp\/v2\/posts\/127516\/revisions"}],"predecessor-version":[{"id":127531,"href":"https:\/\/monitoramento.spmj.com.br\/noticias\/wp-json\/wp\/v2\/posts\/127516\/revisions\/127531"}],"wp:attachment":[{"href":"https:\/\/monitoramento.spmj.com.br\/noticias\/wp-json\/wp\/v2\/media?parent=127516"}],"wp:term":[{"taxonomy":"category","embeddable":true,"href":"https:\/\/monitoramento.spmj.com.br\/noticias\/wp-json\/wp\/v2\/categories?post=127516"},{"taxonomy":"post_tag","embeddable":true,"href":"https:\/\/monitoramento.spmj.com.br\/noticias\/wp-json\/wp\/v2\/tags?post=127516"}],"curies":[{"name":"wp","href":"https:\/\/api.w.org\/{rel}","templated":true}]}}