{"id":127371,"date":"2026-04-17T09:09:59","date_gmt":"2026-04-17T12:09:59","guid":{"rendered":"https:\/\/monitoramento.spmj.com.br\/noticias\/?p=127371"},"modified":"2026-04-17T09:09:59","modified_gmt":"2026-04-17T12:09:59","slug":"shopping-patio-paulista-promove-pet-day-com-adocao-de-caes-e-gatos","status":"publish","type":"post","link":"https:\/\/monitoramento.spmj.com.br\/noticias\/2026\/04\/17\/shopping-patio-paulista-promove-pet-day-com-adocao-de-caes-e-gatos\/","title":{"rendered":"Shopping P\u00e1tio Paulista promove Pet Day com ado\u00e7\u00e3o de c\u00e3es e gatos"},"content":{"rendered":"<p class=\"wp-block-paragraph\">O<a href=\"https:\/\/www.instagram.com\/patiopaulistashopping\/\" target=\"_blank\" rel=\"noopener\">\u00a0<strong>Shopping P\u00e1tio Paulista<\/strong><\/a>\u00a0realizar\u00e1, nos dias 18 e 19 de abril (s\u00e1bado e domingo), das 12h \u00e0s 18h, mais uma edi\u00e7\u00e3o do Pet Day, evento dedicado \u00e0 ado\u00e7\u00e3o de c\u00e3es e gatos em parceria com a\u00a0<strong>ONG AMPARA Animal<\/strong>. A iniciativa refor\u00e7a o compromisso do Shopping P\u00e1tio Paulista com a\u00e7\u00f5es de impacto social e\u00a0<a href=\"https:\/\/wp.abcdoabc.com.br\/santo-andre-comissao-de-protecao-bem-estar-animal\/\">bem-estar animal<\/a>.<\/p>\n<h2 class=\"wp-block-heading\">Shopping P\u00e1tio Paulista e o Pet Day 2026<\/h2>\n<figure class=\"wp-block-image size-full\"><img loading=\"lazy\" decoding=\"async\" class=\"wp-image-1146498\" src=\"https:\/\/cdn-imgs.s3.sa-east-1.amazonaws.com\/wp-content\/uploads\/2026\/01\/Shopping-patio-paulista.jpg\" alt=\"Shopping P\u00e1tio Paulista\" width=\"768\" height=\"516\" \/><figcaption class=\"wp-element-caption\">Divulga\u00e7\u00e3o<\/figcaption><\/figure>\n<p class=\"wp-block-paragraph\">O evento acontecer\u00e1 no\u00a0<strong>Piso Jardins<\/strong>\u00a0e convida o p\u00fablico a conhecer\u00a0<strong>animais\u00a0<\/strong>que aguardam por um novo lar. Desde sua cria\u00e7\u00e3o, em 2022, a a\u00e7\u00e3o j\u00e1 viabilizou mais de\u00a0<strong>200 ado\u00e7\u00f5es,<\/strong>\u00a0consolidando o Shopping P\u00e1tio Paulista como um dos espa\u00e7os de grande\u00a0<strong>circula\u00e7\u00e3o\u00a0<\/strong>que tamb\u00e9m atuam como facilitadores de causas sociais.<\/p>\n<p class=\"wp-block-paragraph pp-intext-target\">Em\u00a0<strong>2025<\/strong>, foram registrados\u00a0<strong>57 animais adotados<\/strong>, sendo 31 c\u00e3es e 26 gatos. A expectativa para esta edi\u00e7\u00e3o \u00e9 ainda mais ambiciosa, com a meta de dobrar o n\u00famero de ado\u00e7\u00f5es anteriores, ampliando o alcance do projeto.<\/p>\n<h2 class=\"wp-block-heading\">Ado\u00e7\u00e3o respons\u00e1vel no Shopping P\u00e1tio Paulista<\/h2>\n<p class=\"wp-block-paragraph\"><em>\u201cAcreditamos no papel dos espa\u00e7os de conviv\u00eancia tamb\u00e9m como agentes de transforma\u00e7\u00e3o social. O Pet Day \u00e9 uma forma de incentivar a ado\u00e7\u00e3o respons\u00e1vel e aproximar as pessoas de uma causa que gera impacto real, conectando fam\u00edlias a novos companheiro<\/em>s\u201d, afirma\u00a0<strong>Taciana Melo<\/strong>, gerente de marketing do Shopping P\u00e1tio Paulista.<\/p>\n<p class=\"wp-block-paragraph\">Para adotar, \u00e9 necess\u00e1rio ter\u00a0<strong>mais de 18 anos<\/strong>\u00a0e apresentar\u00a0<strong>documentos originais\u00a0<\/strong>(RG, CPF e comprovante de resid\u00eancia). O processo inclui o preenchimento de\u00a0<strong>ficha cadastral<\/strong>\u00a0e uma\u00a0<strong>entrevista\u00a0<\/strong>com a equipe da ONG, garantindo a ado\u00e7\u00e3o respons\u00e1vel.<\/p>\n<h2 class=\"wp-block-heading\">Servi\u00e7o do evento<\/h2>\n<p class=\"wp-block-paragraph inArticle-mgid\">A participa\u00e7\u00e3o no evento exige o pagamento de uma\u00a0<strong>taxa de R$ 150<\/strong>, destinada \u00e0 manuten\u00e7\u00e3o dos\u00a0<strong>cuidados b\u00e1sicos<\/strong>\u00a0dos animais, incluindo<\/p>\n<div class=\"keywords-mark-6414c773-5f3f-4745-8884-4e4d2c7b5a9a stared\" data-markjs=\"true\">alimenta\u00e7\u00e3o<\/div>\n<p class=\"wp-block-paragraph inArticle-mgid\">, medicamentos e castra\u00e7\u00e3o. O objetivo \u00e9 assegurar que cada ado\u00e7\u00e3o realizada no Shopping P\u00e1tio Paulista ocorra com responsabilidade e suporte adequado.<\/p>\n<h3 class=\"wp-block-heading\">Servi\u00e7o \u2013 Pet Day no P\u00e1tio Paulista<\/h3>\n<p class=\"wp-block-paragraph pp-intext-target\"><strong>Data:<\/strong>\u00a018 e 19 de abril (s\u00e1bado e domingo)<br \/>\n<strong>Hor\u00e1rio:<\/strong>\u00a0das 12h \u00e0s 18h<br \/>\n<strong>Local:<\/strong>\u00a0Piso Jardins \u2013 Shopping P\u00e1tio Paulista<br \/>\n<strong>Endere\u00e7o:<\/strong>\u00a0Rua Treze de Maio, 1947 \u2013 Bela Vista \u2013 S\u00e3o Paulo, SP<\/p>\n<div id=\"ppBoxFinalMateria\">\n<div id=\"pads_intext-177642769157539\" data-premium=\"\" data-adunit=\"ABC_DO_ABC_FINAL_MATERIA_01\" data-sizes-mobile=\"[[300,250],[250,250],[200,200]]\" data-sizes-desktop=\"[[336,280],[320,320],[300,250]]\" data-type=\"intext\" data-count=\"2\" data-fetch=\"true\" data-google-query-id=\"CJiY_ozt9JMDFa9MuAQdPvoX0A\">\n<div id=\"google_ads_iframe_\/75894840,43502068\/ABC_DO_ABC_FINAL_MATERIA_01_0__container__\"><\/div>\n<\/div>\n<\/div>\n<p class=\"wp-block-paragraph\">O evento \u00e9 gratuito para visita\u00e7\u00e3o. Para ado\u00e7\u00e3o, \u00e9 necess\u00e1rio atender aos requisitos informados no local.<\/p>\n","protected":false},"excerpt":{"rendered":"<p>Nos dias 18 e 19 de abril, o Shopping P\u00e1tio Paulista promove o Pet Day com c\u00e3es e gatos dispon\u00edveis para ado\u00e7\u00e3o respons\u00e1vel em parceria com a ONG AMPARA Animal<\/p>\n","protected":false},"author":5,"featured_media":0,"comment_status":"closed","ping_status":"closed","sticky":false,"template":"","format":"standard","meta":{"_acf_changed":false,"footnotes":""},"categories":[83],"tags":[],"class_list":["post-127371","post","type-post","status-publish","format-standard","hentry","category-patio-paulista"],"acf":[],"_links":{"self":[{"href":"https:\/\/monitoramento.spmj.com.br\/noticias\/wp-json\/wp\/v2\/posts\/127371","targetHints":{"allow":["GET"]}}],"collection":[{"href":"https:\/\/monitoramento.spmj.com.br\/noticias\/wp-json\/wp\/v2\/posts"}],"about":[{"href":"https:\/\/monitoramento.spmj.com.br\/noticias\/wp-json\/wp\/v2\/types\/post"}],"author":[{"embeddable":true,"href":"https:\/\/monitoramento.spmj.com.br\/noticias\/wp-json\/wp\/v2\/users\/5"}],"replies":[{"embeddable":true,"href":"https:\/\/monitoramento.spmj.com.br\/noticias\/wp-json\/wp\/v2\/comments?post=127371"}],"version-history":[{"count":1,"href":"https:\/\/monitoramento.spmj.com.br\/noticias\/wp-json\/wp\/v2\/posts\/127371\/revisions"}],"predecessor-version":[{"id":127372,"href":"https:\/\/monitoramento.spmj.com.br\/noticias\/wp-json\/wp\/v2\/posts\/127371\/revisions\/127372"}],"wp:attachment":[{"href":"https:\/\/monitoramento.spmj.com.br\/noticias\/wp-json\/wp\/v2\/media?parent=127371"}],"wp:term":[{"taxonomy":"category","embeddable":true,"href":"https:\/\/monitoramento.spmj.com.br\/noticias\/wp-json\/wp\/v2\/categories?post=127371"},{"taxonomy":"post_tag","embeddable":true,"href":"https:\/\/monitoramento.spmj.com.br\/noticias\/wp-json\/wp\/v2\/tags?post=127371"}],"curies":[{"name":"wp","href":"https:\/\/api.w.org\/{rel}","templated":true}]}}