{"id":127366,"date":"2026-04-17T09:02:48","date_gmt":"2026-04-17T12:02:48","guid":{"rendered":"https:\/\/monitoramento.spmj.com.br\/noticias\/?p=127366"},"modified":"2026-04-17T09:02:48","modified_gmt":"2026-04-17T12:02:48","slug":"evento-de-adocao-de-caes-e-gatos-no-patio-paulista","status":"publish","type":"post","link":"https:\/\/monitoramento.spmj.com.br\/noticias\/2026\/04\/17\/evento-de-adocao-de-caes-e-gatos-no-patio-paulista\/","title":{"rendered":"Evento de ado\u00e7\u00e3o de c\u00e3es e gatos no P\u00e1tio Paulista"},"content":{"rendered":"<div data-breakout=\"normal\">\n<p id=\"viewer-f05n9124\" class=\"jpn0b rU51J F85w1 _6ftyz\" dir=\"auto\"><span class=\"qZxi2\">Nos dias 18 e 19 de abril (s\u00e1bado e domingo), das 12h \u00e0s 18h, o Shopping P\u00e1tio Paulista realizar\u00e1 uma edi\u00e7\u00e3o de Pet Day, evento dedicado \u00e0 ado\u00e7\u00e3o de c\u00e3es e gatos, em parceria com a ONG AMPARA Animal. A a\u00e7\u00e3o acontece no Piso Jardins e convida os visitantes a oferecerem um novo lar a animais que aguardam por uma fam\u00edlia.<\/span><\/p>\n<\/div>\n<div data-hook=\"rcv-block5\"><\/div>\n<div data-breakout=\"normal\">\n<div id=\"viewer-hbb14171\" class=\"jpn0b rU51J F85w1 _6ftyz\" dir=\"auto\"><span class=\"qZxi2\">\u00a0<\/span><\/div>\n<\/div>\n<div data-hook=\"rcv-block6\"><\/div>\n<div data-breakout=\"normal\">\n<p id=\"viewer-ppwa7127\" class=\"jpn0b rU51J F85w1 _6ftyz\" dir=\"auto\"><span class=\"qZxi2\">Desde que o evento foi criado, em 2022, mais de 200 animais foram adotados. Em 2025, 57 pets encontraram novos lares, sendo 31 cachorros e 26 gatos, refor\u00e7ando a relev\u00e2ncia e o impacto da a\u00e7\u00e3o. Para esta edi\u00e7\u00e3o, a expectativa \u00e9 ainda maior: a organiza\u00e7\u00e3o espera atingir o dobro de ado\u00e7\u00f5es, mostrando o quanto o shopping e seus parceiros seguem comprometidos com a causa animal.<\/span><\/p>\n<\/div>\n<div data-hook=\"rcv-block7\"><\/div>\n<div data-breakout=\"normal\">\n<div id=\"viewer-stmkn185\" class=\"jpn0b rU51J F85w1 _6ftyz\" dir=\"auto\"><span class=\"qZxi2\">\u00a0<\/span><\/div>\n<\/div>\n<div data-hook=\"rcv-block8\"><\/div>\n<div data-breakout=\"normal\">\n<p id=\"viewer-vsved132\" class=\"jpn0b rU51J F85w1 _6ftyz\" dir=\"auto\"><span class=\"qZxi2\">Para adotar, \u00e9 necess\u00e1rio ter mais de 18 anos e apresentar documentos originais (RG, CPF e comprovante de resid\u00eancia). H\u00e1 tamb\u00e9m uma taxa de R$ 150, destinada \u00e0 manuten\u00e7\u00e3o dos cuidados b\u00e1sicos dos pets, como alimenta\u00e7\u00e3o, medicamentos e castra\u00e7\u00e3o. Ap\u00f3s o preenchimento da ficha cadastral, os candidatos passam por uma entrevista com a equipe da ONG, garantindo que os novos tutores estejam preparados para a ado\u00e7\u00e3o respons\u00e1vel.<\/span><\/p>\n<\/div>\n<div data-hook=\"rcv-block9\"><\/div>\n<div data-breakout=\"normal\">\n<div id=\"viewer-7bvkw214\" class=\"jpn0b rU51J F85w1 _6ftyz\" dir=\"auto\"><span class=\"qZxi2\">\u00a0<\/span><\/div>\n<\/div>\n<div data-hook=\"rcv-block10\"><\/div>\n<div data-breakout=\"normal\">\n<p id=\"viewer-fr4ag134\" class=\"jpn0b rU51J F85w1 _6ftyz\" dir=\"auto\"><span class=\"qZxi2\"><strong>Servi\u00e7o \u2013 Pet Day no P\u00e1tio Paulista<\/strong><\/span><\/p>\n<\/div>\n<div data-hook=\"rcv-block11\"><\/div>\n<div data-breakout=\"normal\">\n<p id=\"viewer-c5ml1136\" class=\"jpn0b rU51J F85w1 _6ftyz\" dir=\"auto\"><span class=\"qZxi2\">Data: 18 e 19 de abril (s\u00e1bado e domingo)<\/span><\/p>\n<\/div>\n<div data-hook=\"rcv-block12\"><\/div>\n<div data-breakout=\"normal\">\n<p id=\"viewer-d66h2229\" class=\"jpn0b rU51J F85w1 _6ftyz\" dir=\"auto\"><span class=\"qZxi2\">Hor\u00e1rio: das 12h \u00e0s 18h<\/span><\/p>\n<\/div>\n<div data-hook=\"rcv-block13\"><\/div>\n<div data-breakout=\"normal\">\n<p id=\"viewer-zfhy4244\" class=\"jpn0b rU51J F85w1 _6ftyz\" dir=\"auto\"><span class=\"qZxi2\">Local: Piso Jardins \u2013 Shopping P\u00e1tio Paulista<\/span><\/p>\n<\/div>\n<div data-hook=\"rcv-block14\"><\/div>\n<div data-breakout=\"normal\">\n<p id=\"viewer-dtgax260\" class=\"jpn0b rU51J F85w1 _6ftyz\" dir=\"auto\"><span class=\"qZxi2\">Endere\u00e7o: Rua Treze de Maio, 1947 \u2013 Bela Vista \u2013 S\u00e3o Paulo, SP<\/span><\/p>\n<\/div>\n<div data-hook=\"rcv-block15\"><\/div>\n<div data-breakout=\"normal\">\n<div id=\"viewer-u9riy293\" class=\"jpn0b rU51J F85w1 _6ftyz\" dir=\"auto\"><span class=\"qZxi2\">\u00a0<\/span><\/div>\n<\/div>\n<div data-hook=\"rcv-block16\"><\/div>\n<div data-breakout=\"normal\">\n<p id=\"viewer-m0yal138\" class=\"jpn0b rU51J F85w1 _6ftyz\" dir=\"auto\"><span class=\"qZxi2\">Evento gratuito. Para adotar, \u00e9 necess\u00e1rio atender aos requisitos informados no local.<\/span><\/p>\n<\/div>\n<div data-hook=\"rcv-block17\"><\/div>\n<div data-breakout=\"normal\">\n<div id=\"viewer-9w6fa140\" class=\"jpn0b rU51J F85w1 _6ftyz\" dir=\"auto\"><span class=\"qZxi2\">\u00a0<\/span><\/div>\n<\/div>\n<div data-hook=\"rcv-block18\"><\/div>\n<div data-breakout=\"normal\">\n<p id=\"viewer-xxc9b278\" class=\"jpn0b rU51J F85w1 _6ftyz\" dir=\"auto\"><span class=\"qZxi2\"><strong>Mais sobre o P\u00e1tio Paulista &#8211;<\/strong>\u00a0Inaugurado em novembro de 1989, o Shopping P\u00e1tio Paulista recebe hoje paulistas vindos de todas as partes da cidade \u2013 e do pa\u00eds \u2013 gra\u00e7as \u00e0 sua localiza\u00e7\u00e3o privilegiada: em plena avenida Paulista, com f\u00e1cil acesso por metr\u00f4 e grandes avenidas. S\u00e3o cerca de 300 opera\u00e7\u00f5es, distribu\u00eddas em sete pisos, entre vestu\u00e1rio, alimenta\u00e7\u00e3o, servi\u00e7os, entretenimento e lazer, com tr\u00eas pisos de estacionamento.\u00a0 Na sua fachada, um rel\u00f3gio de mais de 5 metros de altura \u00e9 refer\u00eancia para toda S\u00e3o Paulo.\u00a0<\/span><\/p>\n<\/div>\n","protected":false},"excerpt":{"rendered":"<p>Evento acontece em parceria com a ONG AMPARA Animal e refor\u00e7a a import\u00e2ncia da ado\u00e7\u00e3o respons\u00e1vel<\/p>\n","protected":false},"author":5,"featured_media":0,"comment_status":"closed","ping_status":"closed","sticky":false,"template":"","format":"standard","meta":{"_acf_changed":false,"footnotes":""},"categories":[1],"tags":[],"class_list":["post-127366","post","type-post","status-publish","format-standard","hentry","category-sem-categoria"],"acf":[],"_links":{"self":[{"href":"https:\/\/monitoramento.spmj.com.br\/noticias\/wp-json\/wp\/v2\/posts\/127366","targetHints":{"allow":["GET"]}}],"collection":[{"href":"https:\/\/monitoramento.spmj.com.br\/noticias\/wp-json\/wp\/v2\/posts"}],"about":[{"href":"https:\/\/monitoramento.spmj.com.br\/noticias\/wp-json\/wp\/v2\/types\/post"}],"author":[{"embeddable":true,"href":"https:\/\/monitoramento.spmj.com.br\/noticias\/wp-json\/wp\/v2\/users\/5"}],"replies":[{"embeddable":true,"href":"https:\/\/monitoramento.spmj.com.br\/noticias\/wp-json\/wp\/v2\/comments?post=127366"}],"version-history":[{"count":1,"href":"https:\/\/monitoramento.spmj.com.br\/noticias\/wp-json\/wp\/v2\/posts\/127366\/revisions"}],"predecessor-version":[{"id":127367,"href":"https:\/\/monitoramento.spmj.com.br\/noticias\/wp-json\/wp\/v2\/posts\/127366\/revisions\/127367"}],"wp:attachment":[{"href":"https:\/\/monitoramento.spmj.com.br\/noticias\/wp-json\/wp\/v2\/media?parent=127366"}],"wp:term":[{"taxonomy":"category","embeddable":true,"href":"https:\/\/monitoramento.spmj.com.br\/noticias\/wp-json\/wp\/v2\/categories?post=127366"},{"taxonomy":"post_tag","embeddable":true,"href":"https:\/\/monitoramento.spmj.com.br\/noticias\/wp-json\/wp\/v2\/tags?post=127366"}],"curies":[{"name":"wp","href":"https:\/\/api.w.org\/{rel}","templated":true}]}}