{"id":127339,"date":"2026-04-17T08:32:41","date_gmt":"2026-04-17T11:32:41","guid":{"rendered":"https:\/\/monitoramento.spmj.com.br\/noticias\/?p=127339"},"modified":"2026-04-17T08:32:41","modified_gmt":"2026-04-17T11:32:41","slug":"teatro-uol-retoma-programa-que-apresenta-pecas-a-precos-acessiveis","status":"publish","type":"post","link":"https:\/\/monitoramento.spmj.com.br\/noticias\/2026\/04\/17\/teatro-uol-retoma-programa-que-apresenta-pecas-a-precos-acessiveis\/","title":{"rendered":"Teatro UOL retoma programa que apresenta pe\u00e7as a pre\u00e7os acess\u00edveis"},"content":{"rendered":"<p>Msn<br \/>\nNesta segunda (20), o Teatro UOL retoma o programa Grandes Baratos, iniciativa que, entre 2003 e 2012, apresentou quase quarenta produ\u00e7\u00f5es teatrais a pre\u00e7os acess\u00edveis. Em sua sexta edi\u00e7\u00e3o, a programa\u00e7\u00e3o re\u00fane cinco espet\u00e1culos que ficar\u00e3o em cartaz ao longo de seis meses, sempre \u00e0s segundas e ter\u00e7as.<\/p>\n<p>A abertura desta nova fase se dar\u00e1 com o solo Na Medida do Poss\u00edvel &#8211; A Com\u00e9dia da Crise do Homem Moderno, protagonizado por Eduardo Martini e dirigido por Marcelo Saback, a mesma pe\u00e7a que marcou a estreia do projeto, h\u00e1 23 anos.<\/p>\n<p>Saback tamb\u00e9m assina O Jantar, um dos quatro esquetes sobre os quais a encena\u00e7\u00e3o se estrutura; os demais foram escritos por L\u00e9o Jaime (O Julgamento Final), Jo\u00e3o Batista (Coisinhas Pequenas) e Luiz Carlos G\u00f3es (Virou estrela). A montagem revisita, com humor afiado, as inseguran\u00e7as e contradi\u00e7\u00f5es masculinas. Em cena, um mesmo personagem, Adamastor, surge em quatro vers\u00f5es distintas de si mesmo &#8211; solteiro, casado, vi\u00favo e desquitado &#8211; compondo um mosaico c\u00f4mico sobre afetos, fragilidades e os dilemas do homem contempor\u00e2neo (70min). 12 anos.<\/p>\n<p>Teatro UOL. Shopping P\u00e1tio Higien\u00f3polis, 3823-2323. \u00e2 seg. e ter., 20h. R$ 70,00. At\u00e9 26\/5. teatrouol.com.br.<\/p>\n<p>Publicado em VEJA S\u00e3o Paulo de 17 de abril de 2026, edi\u00e7\u00e3o n\u00ba2991<\/p>\n","protected":false},"excerpt":{"rendered":"<p>Msn Nesta segunda (20), o Teatro UOL retoma o programa Grandes Baratos, iniciativa que, entre 2003 e 2012, apresentou quase quarenta produ\u00e7\u00f5es teatrais a pre\u00e7os acess\u00edveis. Em sua sexta edi\u00e7\u00e3o, &hellip; <a href=\"https:\/\/monitoramento.spmj.com.br\/noticias\/2026\/04\/17\/teatro-uol-retoma-programa-que-apresenta-pecas-a-precos-acessiveis\/\" class=\"more-link\">Continuar lendo <span class=\"screen-reader-text\">Teatro UOL retoma programa que apresenta pe\u00e7as a pre\u00e7os acess\u00edveis<\/span><\/a><\/p>\n","protected":false},"author":5,"featured_media":0,"comment_status":"closed","ping_status":"closed","sticky":false,"template":"","format":"standard","meta":{"_acf_changed":false,"footnotes":""},"categories":[44],"tags":[],"class_list":["post-127339","post","type-post","status-publish","format-standard","hentry","category-shopping-patio-higienopolis"],"acf":[],"_links":{"self":[{"href":"https:\/\/monitoramento.spmj.com.br\/noticias\/wp-json\/wp\/v2\/posts\/127339","targetHints":{"allow":["GET"]}}],"collection":[{"href":"https:\/\/monitoramento.spmj.com.br\/noticias\/wp-json\/wp\/v2\/posts"}],"about":[{"href":"https:\/\/monitoramento.spmj.com.br\/noticias\/wp-json\/wp\/v2\/types\/post"}],"author":[{"embeddable":true,"href":"https:\/\/monitoramento.spmj.com.br\/noticias\/wp-json\/wp\/v2\/users\/5"}],"replies":[{"embeddable":true,"href":"https:\/\/monitoramento.spmj.com.br\/noticias\/wp-json\/wp\/v2\/comments?post=127339"}],"version-history":[{"count":1,"href":"https:\/\/monitoramento.spmj.com.br\/noticias\/wp-json\/wp\/v2\/posts\/127339\/revisions"}],"predecessor-version":[{"id":127349,"href":"https:\/\/monitoramento.spmj.com.br\/noticias\/wp-json\/wp\/v2\/posts\/127339\/revisions\/127349"}],"wp:attachment":[{"href":"https:\/\/monitoramento.spmj.com.br\/noticias\/wp-json\/wp\/v2\/media?parent=127339"}],"wp:term":[{"taxonomy":"category","embeddable":true,"href":"https:\/\/monitoramento.spmj.com.br\/noticias\/wp-json\/wp\/v2\/categories?post=127339"},{"taxonomy":"post_tag","embeddable":true,"href":"https:\/\/monitoramento.spmj.com.br\/noticias\/wp-json\/wp\/v2\/tags?post=127339"}],"curies":[{"name":"wp","href":"https:\/\/api.w.org\/{rel}","templated":true}]}}