{"id":127306,"date":"2026-04-16T12:50:43","date_gmt":"2026-04-16T15:50:43","guid":{"rendered":"https:\/\/monitoramento.spmj.com.br\/noticias\/?p=127306"},"modified":"2026-04-16T12:50:43","modified_gmt":"2026-04-16T15:50:43","slug":"amazon-anuncia-patrocinio-oficial-das-selecoes-brasileiras-de-futebol-por-dois-anos","status":"publish","type":"post","link":"https:\/\/monitoramento.spmj.com.br\/noticias\/2026\/04\/16\/amazon-anuncia-patrocinio-oficial-das-selecoes-brasileiras-de-futebol-por-dois-anos\/","title":{"rendered":"Amazon anuncia patroc\u00ednio oficial das Sele\u00e7\u00f5es Brasileiras de Futebol por dois anos"},"content":{"rendered":"<header id=\"mvp-post-head\" class=\"left relative\">Acordo abrange todas as categorias \u2014 masculina, feminina e de base \u2014 e j\u00e1 estar\u00e1 ativo durante a Copa do Mundo de 2026<\/p>\n<div class=\"addtoany_share_save_container addtoany_content addtoany_content_bottom\"><\/div>\n<div class=\"mvp-author-info-wrap left relative\">\n<div class=\"mvp-author-info-text left relative\">\n<div class=\"mvp-author-info-name left relative\"><\/div>\n<\/div>\n<\/div>\n<\/header>\n<div id=\"mvp-post-content\" class=\"left relative\">\n<div id=\"mvp-post-feat-img\" class=\"left relative mvp-post-feat-img-wide2\"><img loading=\"lazy\" decoding=\"async\" class=\"attachment- size- wp-post-image\" src=\"https:\/\/centraldovarejo.com.br\/wp-content\/uploads\/2026\/04\/download-_2_.jpg\" alt=\"Amazon\" width=\"1860\" height=\"1047\" \/><\/div>\n<div id=\"mvp-content-wrap\" class=\"left relative\">\n<div id=\"mvp-content-body\" class=\"left relative\">\n<div id=\"mvp-content-body-top\" class=\"left relative\">\n<div id=\"mvp-content-main\" class=\"left relative\">\n<p>A Amazon se tornou patrocinadora oficial das Sele\u00e7\u00f5es Brasileiras de Futebol. O acordo, de dois anos, abrange todas as categorias (masculina, feminina e de base) e foi anunciado nesta segunda-feira (14) em S\u00e3o Paulo.<\/p>\n<p>A\u00a0<a href=\"http:\/\/amazon.com.br\/\">parceria<\/a>\u00a0j\u00e1 estar\u00e1 ativa durante a Copa do Mundo FIFA 2026, quando a sele\u00e7\u00e3o masculina disputar\u00e1 o torneio nos Estados Unidos, Canad\u00e1 e M\u00e9xico. O contrato tamb\u00e9m inclui apoio \u00e0 sele\u00e7\u00e3o feminina durante a Copa do Mundo da FIFA 2027, que ser\u00e1 sediada no Brasil.<\/p>\n<p>\u201cEstar ao lado das Sele\u00e7\u00f5es Brasileiras significa fazer parte de algo que vai al\u00e9m do esporte \u2013 \u00e9 sobre conex\u00e3o, emo\u00e7\u00e3o e experi\u00eancias que unem as pessoas. Os brasileiros t\u00eam uma rela\u00e7\u00e3o \u00fanica com o futebol. Estamos junto com os torcedores para ajud\u00e1-los a aproveitar ao m\u00e1ximo esses momentos especiais, seja encontrando os produtos ideais para celebrar ou assistindo aos jogos com tudo o que precisam\u201d, afirma Juliana Sztrajtman, presidente da Amazon Brasil.<\/p>\n<p>Para a Confedera\u00e7\u00e3o Brasileira de Futebol (CBF), o acordo representa a aproxima\u00e7\u00e3o entre tradi\u00e7\u00e3o e\u00a0<a id=\"31300\" href=\"https:\/\/centraldovarejo.com.br\/inovacao-intencional-no-varejo-o-exemplo-da-lego\/\"><strong>inova\u00e7\u00e3o<\/strong><\/a>. \u201cA entrada da Amazon como patrocinadora das Sele\u00e7\u00f5es Brasileiras refor\u00e7a a uni\u00e3o entre tradi\u00e7\u00e3o e tecnologia. A empresa traz uma capacidade \u00fanica de inova\u00e7\u00e3o e uma capilaridade que alcan\u00e7a milh\u00f5es de brasileiros em todos os cantos do pa\u00eds. Essa for\u00e7a amplia ainda mais a conex\u00e3o da Sele\u00e7\u00e3o com sua torcida. Estamos muito satisfeitos com essa parceria, que certamente elevar\u00e1 a experi\u00eancia dos f\u00e3s dentro e fora de campo\u201d, diz Samir Xaud, presidente da CBF.<\/p>\n<\/div>\n<\/div>\n<\/div>\n<\/div>\n<\/div>\n","protected":false},"excerpt":{"rendered":"<p>A Amazon se tornou patrocinadora oficial das Sele\u00e7\u00f5es Brasileiras de Futebol. O acordo, de dois anos, abrange todas as categorias (masculina, feminina e de base) e foi anunciado nesta segunda-feira (14) em S\u00e3o Paulo.<\/p>\n","protected":false},"author":5,"featured_media":0,"comment_status":"closed","ping_status":"closed","sticky":false,"template":"","format":"standard","meta":{"_acf_changed":false,"footnotes":""},"categories":[56],"tags":[],"class_list":["post-127306","post","type-post","status-publish","format-standard","hentry","category-l-founders"],"acf":[],"_links":{"self":[{"href":"https:\/\/monitoramento.spmj.com.br\/noticias\/wp-json\/wp\/v2\/posts\/127306","targetHints":{"allow":["GET"]}}],"collection":[{"href":"https:\/\/monitoramento.spmj.com.br\/noticias\/wp-json\/wp\/v2\/posts"}],"about":[{"href":"https:\/\/monitoramento.spmj.com.br\/noticias\/wp-json\/wp\/v2\/types\/post"}],"author":[{"embeddable":true,"href":"https:\/\/monitoramento.spmj.com.br\/noticias\/wp-json\/wp\/v2\/users\/5"}],"replies":[{"embeddable":true,"href":"https:\/\/monitoramento.spmj.com.br\/noticias\/wp-json\/wp\/v2\/comments?post=127306"}],"version-history":[{"count":1,"href":"https:\/\/monitoramento.spmj.com.br\/noticias\/wp-json\/wp\/v2\/posts\/127306\/revisions"}],"predecessor-version":[{"id":127307,"href":"https:\/\/monitoramento.spmj.com.br\/noticias\/wp-json\/wp\/v2\/posts\/127306\/revisions\/127307"}],"wp:attachment":[{"href":"https:\/\/monitoramento.spmj.com.br\/noticias\/wp-json\/wp\/v2\/media?parent=127306"}],"wp:term":[{"taxonomy":"category","embeddable":true,"href":"https:\/\/monitoramento.spmj.com.br\/noticias\/wp-json\/wp\/v2\/categories?post=127306"},{"taxonomy":"post_tag","embeddable":true,"href":"https:\/\/monitoramento.spmj.com.br\/noticias\/wp-json\/wp\/v2\/tags?post=127306"}],"curies":[{"name":"wp","href":"https:\/\/api.w.org\/{rel}","templated":true}]}}