{"id":126881,"date":"2026-04-06T13:34:33","date_gmt":"2026-04-06T16:34:33","guid":{"rendered":"https:\/\/monitoramento.spmj.com.br\/noticias\/?p=126881"},"modified":"2026-04-06T13:36:24","modified_gmt":"2026-04-06T16:36:24","slug":"look-mounjaro-canetas-emagrecedoras-dao-gas-a-venda-de-moda-fitness-na-renner","status":"publish","type":"post","link":"https:\/\/monitoramento.spmj.com.br\/noticias\/2026\/04\/06\/look-mounjaro-canetas-emagrecedoras-dao-gas-a-venda-de-moda-fitness-na-renner\/","title":{"rendered":"Look Mounjaro: canetas emagrecedoras d\u00e3o g\u00e1s \u00e0 venda de moda fitness na Renner"},"content":{"rendered":"<div class=\"top\">\n<div class=\"container\">\n<div class=\"excerpt\">CEO diz que mudan\u00e7a de h\u00e1bitos estimula troca de guarda-roupa; empresa registrou lucro recorde de R$ 1,5 bilh\u00e3o em 2025 e planeja abrir at\u00e9 60 lojas neste ano<\/div>\n<\/div>\n<\/div>\n<div class=\"top top-single\">\n<div class=\"container\">\n<div class=\"time-informations\">Atualizado: 3 abr. 2026 | 17h49<\/div>\n<\/div>\n<\/div>\n<div class=\"post-content\">\n<div class=\"floating-ad-container gtm-banner-tracked\" data-gtm-banner=\"true\" data-banner-position=\"floating_news\" data-banner-formato=\"628x120\" data-banner-titulo=\"Banner\">\n<div id=\"investnews-ad-d6c1d5e1c9836573d394879e01d65f79\" class=\"investnews-ad-d6c1d5e1c9836573d394879e01d65f79\">\n<div id=\"investnews-ad-3374950302\">\n<div class=\"investnews-ad-adlabel\">Publicidade<\/div>\n<div id=\"investnews-ad-816878495\" class=\"investnews-ad-target\" data-investnews-ad-trackid=\"689020\" data-investnews-ad-trackbid=\"1\">\n<div id=\"aswift_1_host\"><\/div>\n<p>&nbsp;<\/p>\n<\/div>\n<\/div>\n<\/div>\n<p>A\u00a0<strong><a href=\"https:\/\/investnews.com.br\/negocios\/renner-lojas-interior-brasil-200-mil\/\">Renner<\/a><\/strong>\u00a0come\u00e7ou a perceber nas prateleiras o impacto da populariza\u00e7\u00e3o das canetas emagrecedoras. A moda esportiva j\u00e1 est\u00e1 entre as categorias de maior crescimento dentro do portf\u00f3lio da varejista \u2014 e o fen\u00f4meno vai al\u00e9m dos\u00a0<a href=\"https:\/\/investnews.com.br\/negocios\/ozempic-mounjaro-2026-brasil-genericos\/\" data-type=\"link\" data-id=\"https:\/\/investnews.com.br\/negocios\/ozempic-mounjaro-2026-brasil-genericos\/\">medicamentos GLP-1.<\/a><\/p>\n<\/div>\n<p>\u201cN\u00e3o \u00e9 s\u00f3 o efeito das canetas, mas toda a preocupa\u00e7\u00e3o das pessoas com sa\u00fade e bem-estar. Tem aumentado, sim, a relev\u00e2ncia dessa categoria para a gente\u201d, afirmou em entrevista ao InvestNews, o CEO Fabio Faccio. A empresa n\u00e3o abre a participa\u00e7\u00e3o por categoria, mas o executivo confirmou que a moda esportiva \u00e9 uma das que mais avan\u00e7am na Renner.<\/p>\n<p>Faccio aponta ainda um segundo efeito, potencialmente mais duradouro: a troca de guarda-roupa. \u201cConforme as pessoas mudam de tamanho, voc\u00ea acaba tendo uma troca de guarda-roupa. Isso acaba sendo um fator positivo para a compra de moda\u201d, disse. Segundo ele, a empresa j\u00e1 ajusta gradualmente sua grade de tamanhos para acompanhar a demanda, algo que vem acontecendo desde 2024.<\/p>\n<figure class=\"wp-block-image size-large\"><img loading=\"lazy\" decoding=\"async\" class=\"wp-image-718074\" src=\"https:\/\/media.investnews.com.br\/uploads\/2025\/09\/in-ilustra-renner-1024x575.webp\" alt=\"Fabio Faccio, CEO da Renner (Foto: divulga\u00e7\u00e3o; ilustra\u00e7\u00e3o de InvestNews)\" width=\"1024\" height=\"575\" \/><figcaption class=\"wp-element-caption\">Fabio Faccio, CEO da Renner (Foto: divulga\u00e7\u00e3o; ilustra\u00e7\u00e3o de InvestNews)<\/figcaption><\/figure>\n<p>O coment\u00e1rio ganha relev\u00e2ncia num momento em que o mercado de GLP-1 est\u00e1 prestes a se expandir de forma significativa no Brasil. A patente da semaglutida \u2014 princ\u00edpio ativo do Ozempic \u2014 expirou em 20 de mar\u00e7o, e a Anvisa j\u00e1 analisa ao menos 14 pedidos de registro de novos medicamentos \u00e0 base da subst\u00e2ncia. A expectativa \u00e9 que os pre\u00e7os caiam entre 35% e 50% nos pr\u00f3ximos dois anos, ampliando o acesso num pa\u00eds onde mais da metade dos adultos convive com obesidade ou sobrepeso.<\/p>\n<p>Uma pesquisa da PwC com cerca de 3 mil consumidores refor\u00e7a a tese: um quarto dos usu\u00e1rios de GLP-1 passou a comprar roupas em tamanhos menores, e quase um ter\u00e7o relatou maior satisfa\u00e7\u00e3o com o pr\u00f3prio corpo. Para as varejistas de moda, isso significa ciclos mais frequentes de renova\u00e7\u00e3o do guarda-roupa e mais visitas \u00e0s lojas f\u00edsicas \u2014 j\u00e1 que o cliente precisa provar pe\u00e7as para reavaliar seu tamanho.<\/p>\n<h2 class=\"wp-block-heading\">Lucro recorde e expans\u00e3o acelerada<\/h2>\n<p>Os\u00a0<a href=\"https:\/\/api.mziq.com\/mzfilemanager\/v2\/d\/13154776-9416-4fce-8c46-3e54d45b03a3\/f114f0ab-65d4-6ea1-5439-aaaa83896104?origin=2\" target=\"_blank\" rel=\"noopener\">resultados de 2025<\/a>\u00a0da Renner mostram uma empresa que parece bem posicionada para capturar essa tend\u00eancia. O lucro l\u00edquido anual atingiu o patamar recorde de R$ 1,5 bilh\u00e3o, alta de 22% sobre 2024. O lucro por a\u00e7\u00e3o cresceu 27%, para R$ 1,44 \u2014 tamb\u00e9m recorde.<\/p>\n<p>No quarto trimestre, o lucro l\u00edquido foi de R$ 553 milh\u00f5es, avan\u00e7o de 13% na compara\u00e7\u00e3o anual, mesmo diante de um cen\u00e1rio que Faccio descreve como desafiador: temperaturas atipicamente frias no in\u00edcio do per\u00edodo e um consumidor mais endividado e com poder de compra pressionado. A receita de varejo cresceu 4,3% no trimestre, com vendas em mesmas lojas (SSS) de 3,3%.<\/p>\n<p>Na vis\u00e3o anual, no entanto, o ritmo foi mais robusto. A receita de varejo avan\u00e7ou 9,2%, com SSS de 8,1% \u2014 desempenho que superou o crescimento de 4,9% do mercado medido pelo IBGE, resultando em ganho de participa\u00e7\u00e3o de mercado. A receita de vestu\u00e1rio, especificamente, subiu 10,2%.<\/p>\n<p>A margem bruta de varejo encerrou o ano em 56,1%, o maior patamar em seis anos, com avan\u00e7o de 0,7 ponto percentual. No trimestre, chegou a 56,5%. O\u00a0<a href=\"https:\/\/investnews.com.br\/guias\/ebitda-o-que-e-como-calcular\/#:~:text=O%20EBITDA%2C%20sigla%20em%20ingl%C3%AAs,efici%C3%AAncia%20operacional%20de%20uma%20empresa.\" data-type=\"link\" data-id=\"https:\/\/investnews.com.br\/guias\/ebitda-o-que-e-como-calcular\/#:~:text=O%20EBITDA%2C%20sigla%20em%20ingl%C3%AAs,efici%C3%AAncia%20operacional%20de%20uma%20empresa.\">EBITDA<\/a>\u00a0ajustado total bateu R$ 3,2 bilh\u00f5es no ano (+20%), e R$ 1,1 bilh\u00e3o no trimestre (+9%) \u2014 ambos recordes.<\/p>\n<p>A venda por metro quadrado atingiu R$ 17,2 mil no ano, patamar que a empresa diz ser cerca de 45% superior ao dos concorrentes diretos.<\/p>\n<h2 class=\"wp-block-heading\">Aposta em novas cidades<\/h2>\n<p>Para 2026, o grupo projeta a abertura de 50 a 60 lojas \u2014 quase o dobro das 34 inauguradas em 2025. A marca Renner deve responder por 22 a 30 unidades, a Youcom por 23 a 25, e a Camicado por cerca de 5.<\/p>\n<p>O foco da Renner \u00e9 em cidades novas, muitas delas com at\u00e9 100 mil habitantes, onde a marca ainda n\u00e3o est\u00e1 presente. J\u00e1 a Youcom, voltada ao p\u00fablico jovem e com 152 lojas ao fim de 2025 (contra 443 da Renner), tem potencial para dobrar seu parque de lojas, segundo o executivo.<\/p>\n<figure class=\"wp-block-embed is-type-video is-provider-youtube wp-block-embed-youtube wp-embed-aspect-9-16 wp-has-aspect-ratio\">\n<div class=\"wp-block-embed__wrapper\"><\/div>\n<\/figure>\n<p>\u201cQuando eu olho o gap entre o n\u00famero de lojas da Youcom e da Renner, a gente v\u00ea que a Youcom ainda tem possibilidade de dobrar\u201d, diz Faccio. A marca jovem foi a que mais cresceu no ano, com receita avan\u00e7ando 13,9%.<\/p>\n<p>O\u00a0<a href=\"https:\/\/investnews.com.br\/negocios\/lojas-renner-preve-investir-r-105-bilhao-e-abrir-ate-60-lojas\/\">or\u00e7amento de investimentos para 2026<\/a>\u00a0foi fixado em R$ 1,05 bilh\u00e3o, acima dos R$ 858 milh\u00f5es aplicados em 2025.<\/p>\n<h2 class=\"wp-block-heading\">Realize: cr\u00e9dito seletivo em ambiente de risco<\/h2>\n<p>Na financeira Realize, a estrat\u00e9gia segue conservadora. Faccio reconhece que o ambiente de juros elevados ainda pesa sobre o endividamento das fam\u00edlias, e que a empresa tem sido \u201cmuito seletiva\u201d na concess\u00e3o de cr\u00e9dito nos \u00faltimos dois a tr\u00eas anos.<\/p>\n<p>O resultado de servi\u00e7os financeiros somou R$ 452 milh\u00f5es no ano \u2014 mas, excluindo os efeitos da nova norma do Banco Central (Resolu\u00e7\u00e3o 4.966), o n\u00famero foi de R$ 282 milh\u00f5es, alta de 68% sobre 2024. A base ativa de clientes da Realize encerrou o ano em 4,7 milh\u00f5es, est\u00e1vel em rela\u00e7\u00e3o ao per\u00edodo anterior.<\/p>\n<p>O t\u00edquete m\u00e9dio dos cart\u00f5es pr\u00f3prios chegou a R$ 298 no ano \u2014 cerca de 40% acima do ticket m\u00e9dio total da companhia \u2014, o que refor\u00e7a o papel da financeira como ferramenta de fideliza\u00e7\u00e3o. Clientes da Realize gastam, em m\u00e9dia, tr\u00eas vezes mais com o grupo do que os demais.<\/p>\n<h2 class=\"wp-block-heading\">O cen\u00e1rio \u00e0 frente<\/h2>\n<p>Para 2026, a Renner projeta crescimento de receita de varejo entre 9% e 13%. A meta \u00e9 gerar 20% de retorno sobre o capital investido (ROIC) at\u00e9 o fim da d\u00e9cada \u2014 o indicador encerrou 2025 em 14,7%, com avan\u00e7o de 2,3 pontos percentuais.<\/p>\n<div id=\"investnews-ad-c1d527d0e94ccdb458378b3645ee1736\" class=\"investnews-ad-c1d527d0e94ccdb458378b3645ee1736\">\n<div id=\"investnews-ad-3824209842\">\n<div id=\"investnews-ad-1372901697\" class=\"investnews-ad-target\" data-investnews-ad-trackid=\"694096\" data-investnews-ad-trackbid=\"1\">\n<p>&nbsp;<\/p>\n<div id=\"aswift_3_host\"><\/div>\n<p>&nbsp;<\/p>\n<\/div>\n<\/div>\n<\/div>\n<figure class=\"wp-block-embed is-type-video is-provider-youtube wp-block-embed-youtube wp-embed-aspect-16-9 wp-has-aspect-ratio\">\n<div class=\"wp-block-embed__wrapper\"><\/div>\n<\/figure>\n<p>Faccio admite que o ano traz muitas vari\u00e1veis \u2014 elei\u00e7\u00e3o, Copa do Mundo, guerra e incerteza sobre o ritmo de queda dos juros \u2014, mas diz que a empresa investiu nos anos anteriores em capacidades que permitem crescer mesmo em ambientes adversos. \u201cVemos que o macroambiente sempre ganha incerteza. Mas, do nosso ponto de vista interno, investimos muito em ferramentas, compet\u00eancias e efici\u00eancia para conseguir crescer mesmo assim\u201d, afirma.<\/p>\n<p>A companhia encerrou o ano com R$ 1,5 bilh\u00e3o em caixa l\u00edquido e devolveu R$ 1,8 bilh\u00e3o aos acionistas entre juros sobre capital pr\u00f3prio e recompra de a\u00e7\u00f5es \u2014 equivalente a cerca de 120% do lucro do exerc\u00edcio.<\/p>\n<p>Em dezembro, anunciou um novo programa de recompra de at\u00e9 75 milh\u00f5es de a\u00e7\u00f5es.<\/p>\n<\/div>\n","protected":false},"excerpt":{"rendered":"<p>A\u00a0Renner\u00a0come\u00e7ou a perceber nas prateleiras o impacto da populariza\u00e7\u00e3o das canetas emagrecedoras. A moda esportiva j\u00e1 est\u00e1 entre as categorias de maior crescimento dentro do portf\u00f3lio da varejista \u2014 e o fen\u00f4meno vai al\u00e9m dos\u00a0medicamentos GLP-1.<\/p>\n","protected":false},"author":5,"featured_media":0,"comment_status":"closed","ping_status":"closed","sticky":false,"template":"","format":"standard","meta":{"_acf_changed":false,"footnotes":""},"categories":[56,70],"tags":[],"class_list":["post-126881","post","type-post","status-publish","format-standard","hentry","category-l-founders","category-renner"],"acf":[],"_links":{"self":[{"href":"https:\/\/monitoramento.spmj.com.br\/noticias\/wp-json\/wp\/v2\/posts\/126881","targetHints":{"allow":["GET"]}}],"collection":[{"href":"https:\/\/monitoramento.spmj.com.br\/noticias\/wp-json\/wp\/v2\/posts"}],"about":[{"href":"https:\/\/monitoramento.spmj.com.br\/noticias\/wp-json\/wp\/v2\/types\/post"}],"author":[{"embeddable":true,"href":"https:\/\/monitoramento.spmj.com.br\/noticias\/wp-json\/wp\/v2\/users\/5"}],"replies":[{"embeddable":true,"href":"https:\/\/monitoramento.spmj.com.br\/noticias\/wp-json\/wp\/v2\/comments?post=126881"}],"version-history":[{"count":2,"href":"https:\/\/monitoramento.spmj.com.br\/noticias\/wp-json\/wp\/v2\/posts\/126881\/revisions"}],"predecessor-version":[{"id":126883,"href":"https:\/\/monitoramento.spmj.com.br\/noticias\/wp-json\/wp\/v2\/posts\/126881\/revisions\/126883"}],"wp:attachment":[{"href":"https:\/\/monitoramento.spmj.com.br\/noticias\/wp-json\/wp\/v2\/media?parent=126881"}],"wp:term":[{"taxonomy":"category","embeddable":true,"href":"https:\/\/monitoramento.spmj.com.br\/noticias\/wp-json\/wp\/v2\/categories?post=126881"},{"taxonomy":"post_tag","embeddable":true,"href":"https:\/\/monitoramento.spmj.com.br\/noticias\/wp-json\/wp\/v2\/tags?post=126881"}],"curies":[{"name":"wp","href":"https:\/\/api.w.org\/{rel}","templated":true}]}}