{"id":126866,"date":"2026-04-06T12:59:52","date_gmt":"2026-04-06T15:59:52","guid":{"rendered":"https:\/\/monitoramento.spmj.com.br\/noticias\/?p=126866"},"modified":"2026-04-06T12:59:52","modified_gmt":"2026-04-06T15:59:52","slug":"gpa-nega-desconto-de-ate-70-em-divida-e-mantem-negociacoes-com-credores-em-recuperacao-extrajudicial","status":"publish","type":"post","link":"https:\/\/monitoramento.spmj.com.br\/noticias\/2026\/04\/06\/gpa-nega-desconto-de-ate-70-em-divida-e-mantem-negociacoes-com-credores-em-recuperacao-extrajudicial\/","title":{"rendered":"GPA nega desconto de at\u00e9 70% em d\u00edvida e mant\u00e9m negocia\u00e7\u00f5es com credores em recupera\u00e7\u00e3o extrajudicial"},"content":{"rendered":"<p><strong>Companhia busca ades\u00e3o superior a 50% dos credores e avalia ajustes no plano; a\u00e7\u00e3o PCAR3 recua mais de 6% ap\u00f3s ru\u00eddos sobre d\u00edvida de R$ 4,6 bilh\u00f5es<\/strong><\/p>\n<p>A Companhia Brasileira de Distribui\u00e7\u00e3o \u2013 GPA (<a title=\"Cota\u00e7\u00e3o Companhia Brasileira De Distribuicao.\" href=\"https:\/\/br.advfn.com\/bolsa-de-valores\/bovespa\/pao-de-acucar-on-PCAR3\/cotacao\">BOV:PCAR3<\/a>) veio a p\u00fablico esclarecer rumores envolvendo sua recupera\u00e7\u00e3o extrajudicial e as negocia\u00e7\u00f5es com credores. Em comunicado divulgado ao mercado, a varejista informou que as tratativas seguem em curso e ainda n\u00e3o h\u00e1 defini\u00e7\u00e3o sobre novas condi\u00e7\u00f5es de pagamento, afastando especula\u00e7\u00f5es recentes sobre um poss\u00edvel desconto agressivo em sua d\u00edvida.<\/p>\n<p>A manifesta\u00e7\u00e3o ocorre ap\u00f3s reportagem indicar que o Grupo P\u00e3o de A\u00e7\u00facar estaria negociando um abatimento de at\u00e9 70% em um passivo estimado em R$ 4,6 bilh\u00f5es. A companhia, no entanto, negou essa possibilidade, refor\u00e7ando que o foco das discuss\u00f5es est\u00e1 no alongamento de prazos e ajustes compat\u00edveis com sua realidade econ\u00f4mico-financeira \u2014 movimento comum em processos de reestrutura\u00e7\u00e3o corporativa.<\/p>\n<p>O epis\u00f3dio ocorre em um momento delicado para o GPA (PCAR3), que busca reorganizar sua estrutura de capital e recuperar a confian\u00e7a do mercado. Em 10 de mar\u00e7o de 2026, a empresa protocolou o pedido de homologa\u00e7\u00e3o do plano de recupera\u00e7\u00e3o extrajudicial com o apoio de credores que representam 46,26% dos cr\u00e9ditos sujeitos. Desde ent\u00e3o, a estrat\u00e9gia tem sido ampliar essa ades\u00e3o para al\u00e9m da maioria necess\u00e1ria, condi\u00e7\u00e3o essencial para valida\u00e7\u00e3o judicial do plano.<\/p>\n<p>Segundo a companhia, as negocia\u00e7\u00f5es seguem dentro do prazo legal de 90 dias e podem envolver ajustes na proposta de pagamento, o que \u00e9 interpretado pelo mercado como uma tentativa de equilibrar liquidez, endividamento e sustentabilidade operacional no m\u00e9dio prazo.<\/p>\n<p>Como a not\u00edcia \u00e9 publicada antes da abertura do preg\u00e3o desta quinta-feira (02\/04), os dados refletem o fechamento da v\u00e9spera. Na quarta-feira (01\/04), as a\u00e7\u00f5es do GPA (<a title=\"Cota\u00e7\u00e3o Companhia Brasileira De Distribuicao.\" href=\"https:\/\/br.advfn.com\/bolsa-de-valores\/bovespa\/pao-de-acucar-on-PCAR3\/cotacao\">BOV:PCAR3<\/a>) encerraram cotadas a R$ 2,07, com queda de 6,33%, pressionadas pelo aumento das incertezas sobre o processo de reestrutura\u00e7\u00e3o.<\/p>\n<p>O papel oscilou entre R$ 2,06 (m\u00ednima) e R$ 2,25 (m\u00e1xima) ao longo do dia, com abertura em R$ 2,19, indicando forte volatilidade e sensibilidade a not\u00edcias relacionadas \u00e0 d\u00edvida e ao plano de recupera\u00e7\u00e3o. Para o preg\u00e3o seguinte, o mercado tende a monitorar de perto a evolu\u00e7\u00e3o das negocia\u00e7\u00f5es com credores, o que pode influenciar diretamente a trajet\u00f3ria das a\u00e7\u00f5es PCAR3 hoje.<\/p>\n<p>A Companhia Brasileira de Distribui\u00e7\u00e3o (<a title=\"Cota\u00e7\u00e3o Companhia Brasileira De Distribuicao.\" href=\"https:\/\/br.advfn.com\/bolsa-de-valores\/bovespa\/pao-de-acucar-on-PCAR3\/cotacao\">BOV:PCAR3<\/a>) \u00e9 uma das principais varejistas do setor alimentar no Brasil, operando marcas como P\u00e3o de A\u00e7\u00facar e Extra. A empresa atua no segmento de supermercados premium e proximidade, competindo com players relevantes como Assa\u00ed (<a title=\"Cota\u00e7\u00e3o Sendas Distribuidora S.A.\" href=\"https:\/\/br.advfn.com\/bolsa-de-valores\/bovespa\/sendas-distribuidora-on-ASAI3\/cotacao\">BOV:ASAI3<\/a>) e Carrefour Brasil (<a title=\"Cota\u00e7\u00e3o Carrefour Bron\" href=\"https:\/\/br.advfn.com\/bolsa-de-valores\/bovespa\/carrefour-on-CRFB3\/cotacao\">BOV:CRFB3<\/a>). Nos \u00faltimos anos, o GPA vem passando por um processo de reestrutura\u00e7\u00e3o operacional e financeira, buscando maior efici\u00eancia e rentabilidade.<\/p>\n<p>O avan\u00e7o das negocia\u00e7\u00f5es com credores ser\u00e1 decisivo para o futuro do GPA (PCAR3) e para a percep\u00e7\u00e3o de risco do mercado em rela\u00e7\u00e3o \u00e0 companhia.<\/p>\n","protected":false},"excerpt":{"rendered":"<p>A Companhia Brasileira de Distribui\u00e7\u00e3o \u2013 GPA (BOV:PCAR3) veio a p\u00fablico esclarecer rumores envolvendo sua recupera\u00e7\u00e3o extrajudicial e as negocia\u00e7\u00f5es com credores. Em comunicado divulgado ao mercado, a varejista informou que as tratativas seguem em curso e ainda n\u00e3o h\u00e1 defini\u00e7\u00e3o sobre novas condi\u00e7\u00f5es de pagamento, afastando especula\u00e7\u00f5es recentes sobre um poss\u00edvel desconto agressivo em sua d\u00edvida.<\/p>\n","protected":false},"author":5,"featured_media":0,"comment_status":"closed","ping_status":"closed","sticky":false,"template":"","format":"standard","meta":{"_acf_changed":false,"footnotes":""},"categories":[56,62],"tags":[],"class_list":["post-126866","post","type-post","status-publish","format-standard","hentry","category-l-founders","category-pao-de-acucar"],"acf":[],"_links":{"self":[{"href":"https:\/\/monitoramento.spmj.com.br\/noticias\/wp-json\/wp\/v2\/posts\/126866","targetHints":{"allow":["GET"]}}],"collection":[{"href":"https:\/\/monitoramento.spmj.com.br\/noticias\/wp-json\/wp\/v2\/posts"}],"about":[{"href":"https:\/\/monitoramento.spmj.com.br\/noticias\/wp-json\/wp\/v2\/types\/post"}],"author":[{"embeddable":true,"href":"https:\/\/monitoramento.spmj.com.br\/noticias\/wp-json\/wp\/v2\/users\/5"}],"replies":[{"embeddable":true,"href":"https:\/\/monitoramento.spmj.com.br\/noticias\/wp-json\/wp\/v2\/comments?post=126866"}],"version-history":[{"count":1,"href":"https:\/\/monitoramento.spmj.com.br\/noticias\/wp-json\/wp\/v2\/posts\/126866\/revisions"}],"predecessor-version":[{"id":126867,"href":"https:\/\/monitoramento.spmj.com.br\/noticias\/wp-json\/wp\/v2\/posts\/126866\/revisions\/126867"}],"wp:attachment":[{"href":"https:\/\/monitoramento.spmj.com.br\/noticias\/wp-json\/wp\/v2\/media?parent=126866"}],"wp:term":[{"taxonomy":"category","embeddable":true,"href":"https:\/\/monitoramento.spmj.com.br\/noticias\/wp-json\/wp\/v2\/categories?post=126866"},{"taxonomy":"post_tag","embeddable":true,"href":"https:\/\/monitoramento.spmj.com.br\/noticias\/wp-json\/wp\/v2\/tags?post=126866"}],"curies":[{"name":"wp","href":"https:\/\/api.w.org\/{rel}","templated":true}]}}