{"id":122413,"date":"2025-12-09T08:02:17","date_gmt":"2025-12-09T11:02:17","guid":{"rendered":"https:\/\/monitoramento.spmj.com.br\/noticias\/?p=122413"},"modified":"2025-12-09T08:02:17","modified_gmt":"2025-12-09T11:02:17","slug":"tcl-oferece-programacao-de-natal-do-shopping-patio-higienopolis","status":"publish","type":"post","link":"https:\/\/monitoramento.spmj.com.br\/noticias\/2025\/12\/09\/tcl-oferece-programacao-de-natal-do-shopping-patio-higienopolis\/","title":{"rendered":"TCL oferece programa\u00e7\u00e3o de Natal do Shopping P\u00e1tio Higien\u00f3polis"},"content":{"rendered":"<h1 data-rtepro-heading-desktop=\"\"><\/h1>\n<p><i>Marca promove experi\u00eancias gratuitas para fam\u00edlias entre 15 de novembro e 24 de dezembro<\/i><\/p>\n<p>&nbsp;<\/p>\n<p><i><img loading=\"lazy\" decoding=\"async\" src=\"https:\/\/aws-obg-image-lb-2.tcl.com\/content\/dam\/brandsite\/region\/brazil\/blog\/natal-shops-2.jpg?t=1764919401700&amp;w=1200\" width=\"1379\" height=\"919\" \/><br \/>\n<\/i><\/p>\n<p>&nbsp;<\/p>\n<p><b>S\u00e3o Paulo, 27 de novembro de 2025<\/b>\u00a0\u2013 A TCL, uma das maiores marcas de eletr\u00f4nicos de consumo do mundo, anuncia sua parceria com o Shopping P\u00e1tio Higien\u00f3polis para a programa\u00e7\u00e3o \u201cMundo M\u00e1gico das Hist\u00f3rias de Natal\u201d. A a\u00e7\u00e3o oferece duas experi\u00eancias gratuitas para as fam\u00edlias: a oficina infantil \u201cPinte o Ursinho\u201d e a atividade \u201cMinha Foto com Papai Noel\u201d, dispon\u00edveis de 15 de novembro a 24 de dezembro.<\/p>\n<p>&nbsp;<\/p>\n<p>\u201cA TCL acredita no poder das experi\u00eancias que aproximam as pessoas. Neste Natal, queremos contribuir para que as fam\u00edlias vivam momentos inesquec\u00edveis, valorizando a criatividade das crian\u00e7as e o encanto desta \u00e9poca do ano. Estamos muito felizes em apoiar o P\u00e1tio Higien\u00f3polis em uma celebra\u00e7\u00e3o t\u00e3o especial\u201d, declarou Dale Chen, Diretor de Marketing da TCL para a Am\u00e9rica Latina.<\/p>\n<p>&nbsp;<\/p>\n<p>As iniciativas integram a tradicional decora\u00e7\u00e3o natalina do shopping, que neste ano recria a \u201cBiblioteca do Papai Noel\u201d e conta com mais de 2 mil livros cenogr\u00e1ficos, uma \u00e1rvore de 25 metros, al\u00e9m de 900 mil luzes de LED, criando um ambiente imersivo para crian\u00e7as e adultos.<\/p>\n<p>&nbsp;<\/p>\n<p>Na Oficina Infantil Especial \u201cPinte o Ursinho\u201d, as crian\u00e7as podem colorir um ursinho de gesso inspirado na decora\u00e7\u00e3o do P\u00e1tio Higien\u00f3polis. Ao final da atividade, levam sua cria\u00e7\u00e3o para casa como lembran\u00e7a, al\u00e9m de uma medalha comemorativa, refor\u00e7ando o car\u00e1ter l\u00fadico da a\u00e7\u00e3o. J\u00e1 na experi\u00eancia \u201cMinha Foto com Papai Noel\u201d, os participantes ganham uma foto emoldurada do encontro com o bom velhinho, registrando momentos especiais em fam\u00edlia.<\/p>\n<p>&nbsp;<\/p>\n<p>As duas atividades s\u00e3o gratuitas, com agendamento pr\u00e9vio pelo app Iguatemi One. No local, a participa\u00e7\u00e3o ocorre por ordem de chegada e est\u00e1 sujeita \u00e0 fila de espera.<\/p>\n<p>&nbsp;<\/p>\n<p><b>Hor\u00e1rios e programa\u00e7\u00e3o<\/b><\/p>\n<ul>\n<li><b>Oficina Infantil Especial \u201cPinte o Ursinho\u201d<\/b><\/li>\n<\/ul>\n<p>Piso Buenos Aires<br \/>\nDe 15\/11 a 24\/12<br \/>\nNovembro: finais de semana<br \/>\nA partir de dezembro: diariamente, das 12h \u00e0s 20h<br \/>\nGratuito e com acessibilidade<br \/>\nRecomendado para crian\u00e7as a partir de 3 anos (com respons\u00e1vel)<\/p>\n<p>&nbsp;<\/p>\n<ul>\n<li><b>\u201cMinha Foto com Papai Noel\u201d<\/b><\/li>\n<\/ul>\n<p>Biblioteca do Papai Noel \u2014 Piso Veiga Filho<br \/>\nDe 15\/11 a 24\/12<br \/>\nNovembro: finais de semana<br \/>\nA partir de dezembro: diariamente, das 12h \u00e0s 20h<br \/>\nGratuito e com acessibilidade<\/p>\n<p>&nbsp;<\/p>\n<p><b>Sobre a TCL Electronics<\/b><\/p>\n<p>A TCL Electronics (1070.HK) \u00e9 uma das maiores marcas de eletr\u00f4nicos de consumo do mundo, especializada em pesquisa, desenvolvimento e fabrica\u00e7\u00e3o de produtos com design inteligente e tecnologia inovadora, para oferecer recursos essenciais e experi\u00eancias significativas a todos. Sua linha inclui TVs, condicionadores de ar, \u00e1udio, celulares, eletrodom\u00e9sticos, dispositivos m\u00f3veis, \u00f3culos inteligentes, entre outros. Para mais informa\u00e7\u00f5es, visite o site da\u00a0<a href=\"https:\/\/www.tcl.com\/br\/pt\" target=\"_self\" data-click-track=\"{&quot;event_name&quot;:&quot;click_link&quot;,&quot;event_parameters&quot;:{&quot;button_name&quot;:&quot;https:\/\/www.tcl.com\/br\/pt&quot;,&quot;module_name&quot;:&quot;TCL&quot;}}\">TCL<\/a>.<\/p>\n<p>&nbsp;<\/p>\n<p><b>Sobre a TCL SEMP<\/b><\/p>\n<p>A TCL SEMP e\u0301 uma joint venture formada pela multinacional chinesa TCL (empresa fundada em 1981, segunda\u202fmaior fabricante de televisores do mundo e l\u00edder global em telas ultragrandes, TVs Mini LED e Google TVs) e pela SEMP (companhia fundada no Brasil em 1942 e respons\u00e1vel pela fabrica\u00e7\u00e3o dos primeiros aparelhos de r\u00e1dio e TV no pa\u00eds). Por meio desta uni\u00e3o, a TCL SEMP oferece ao mercado brasileiro\u202fprodutos das categorias de TV, \u00e1udio, condicionadores de ar, smartphones, linha branca e monitores gamer. Sua ousadia, criatividade e\u202finova\u00e7\u00e3o\u202ffazem da TCL SEMP uma das marcas mais confi\u00e1veis e respeitadas do Brasil,\u202fsempre apresentando produtos com qualidade e\u202fdesign\u202fsuperiores,\u202fcom tecnologias inteligentes que proporcionam a melhor experi\u00eancia de entretenimento e conex\u00e3o aos consumidores. Para mais informa\u00e7\u00f5es acesse o site\u00a0<a href=\"https:\/\/www.tclsemp.com.br\/\" target=\"_self\" data-click-track=\"{&quot;event_name&quot;:&quot;click_link&quot;,&quot;event_parameters&quot;:{&quot;button_name&quot;:&quot;https:\/\/www.tclsemp.com.br\/&quot;,&quot;module_name&quot;:&quot;TCL SEMP&quot;}}\">TCL SEMP<\/a>.<\/p>\n<p>&nbsp;<\/p>\n<p><b>Informa\u00e7\u00f5es sobre a TCL SEMP para a imprensa:<\/b><\/p>\n<p><b>Punto Comunicac\u0327a\u0303o<\/b><br \/>\n<a href=\"mailto:tclsemp@puntocomunicacao.com.br\" target=\"_self\" data-click-track=\"{&quot;event_name&quot;:&quot;click_link&quot;,&quot;event_parameters&quot;:{&quot;button_name&quot;:&quot;mailto:tclsemp@puntocomunicacao.com.br&quot;,&quot;module_name&quot;:&quot;tclsemp@puntocomunicacao.com.br&quot;}}\">tclsemp@puntocomunicacao.com.br<\/a><br \/>\nBeatriz Russo \u2013 (55 11) 98348-1005<br \/>\nRen\u00e9 Ribeiro \u2013 (55 11) 98088-9918<\/p>\n<p>&nbsp;<\/p>\n","protected":false},"excerpt":{"rendered":"<p>Marca promove experi\u00eancias gratuitas para fam\u00edlias entre 15 de novembro e 24 de dezembro &nbsp; &nbsp; S\u00e3o Paulo, 27 de novembro de 2025\u00a0\u2013 A TCL, uma das maiores marcas de &hellip; <a href=\"https:\/\/monitoramento.spmj.com.br\/noticias\/2025\/12\/09\/tcl-oferece-programacao-de-natal-do-shopping-patio-higienopolis\/\" class=\"more-link\">Continuar lendo <span class=\"screen-reader-text\">TCL oferece programa\u00e7\u00e3o de Natal do Shopping P\u00e1tio Higien\u00f3polis<\/span><\/a><\/p>\n","protected":false},"author":5,"featured_media":0,"comment_status":"closed","ping_status":"closed","sticky":false,"template":"","format":"standard","meta":{"_acf_changed":false,"footnotes":""},"categories":[44],"tags":[],"class_list":["post-122413","post","type-post","status-publish","format-standard","hentry","category-shopping-patio-higienopolis"],"acf":[],"_links":{"self":[{"href":"https:\/\/monitoramento.spmj.com.br\/noticias\/wp-json\/wp\/v2\/posts\/122413","targetHints":{"allow":["GET"]}}],"collection":[{"href":"https:\/\/monitoramento.spmj.com.br\/noticias\/wp-json\/wp\/v2\/posts"}],"about":[{"href":"https:\/\/monitoramento.spmj.com.br\/noticias\/wp-json\/wp\/v2\/types\/post"}],"author":[{"embeddable":true,"href":"https:\/\/monitoramento.spmj.com.br\/noticias\/wp-json\/wp\/v2\/users\/5"}],"replies":[{"embeddable":true,"href":"https:\/\/monitoramento.spmj.com.br\/noticias\/wp-json\/wp\/v2\/comments?post=122413"}],"version-history":[{"count":1,"href":"https:\/\/monitoramento.spmj.com.br\/noticias\/wp-json\/wp\/v2\/posts\/122413\/revisions"}],"predecessor-version":[{"id":122414,"href":"https:\/\/monitoramento.spmj.com.br\/noticias\/wp-json\/wp\/v2\/posts\/122413\/revisions\/122414"}],"wp:attachment":[{"href":"https:\/\/monitoramento.spmj.com.br\/noticias\/wp-json\/wp\/v2\/media?parent=122413"}],"wp:term":[{"taxonomy":"category","embeddable":true,"href":"https:\/\/monitoramento.spmj.com.br\/noticias\/wp-json\/wp\/v2\/categories?post=122413"},{"taxonomy":"post_tag","embeddable":true,"href":"https:\/\/monitoramento.spmj.com.br\/noticias\/wp-json\/wp\/v2\/tags?post=122413"}],"curies":[{"name":"wp","href":"https:\/\/api.w.org\/{rel}","templated":true}]}}