{"id":117425,"date":"2025-08-11T12:58:57","date_gmt":"2025-08-11T15:58:57","guid":{"rendered":"https:\/\/monitoramento.spmj.com.br\/noticias\/?p=117425"},"modified":"2025-08-11T12:58:57","modified_gmt":"2025-08-11T15:58:57","slug":"assai-busca-projetos-para-reagir-ao-cenario-e-deve-ter-marca-propria-em-sp","status":"publish","type":"post","link":"https:\/\/monitoramento.spmj.com.br\/noticias\/2025\/08\/11\/assai-busca-projetos-para-reagir-ao-cenario-e-deve-ter-marca-propria-em-sp\/","title":{"rendered":"Assa\u00ed busca projetos para reagir ao cen\u00e1rio e deve ter marca pr\u00f3pria em SP"},"content":{"rendered":"<p>\u201cTemos visto dificuldade do mercado, mas n\u00f3s n\u00e3o estamos parados\u201d, diz Belmiro Gomes, presidente da rede<br \/>\nPor Adriana Mattos, Valor \u2014 S\u00e3o Paulo<br \/>\n08\/08\/2025 14h20 Atualizado h\u00e1 2 dias<\/p>\n<p><img decoding=\"async\" src=\"https:\/\/s2-valor.glbimg.com\/Bpb0DTxONe7e72Ot9ZVGRAMriXE=\/0x0:2560x1706\/888x0\/smart\/filters:strip_icc()\/i.s3.glbimg.com\/v1\/AUTH_63b422c2caee4269b8b34177e8876b93\/internal_photos\/bs\/2024\/u\/Q\/b5kxNZQJyzvBX7qGXEvA\/whatsapp-image-2024-07-31-at-18.31.43.jpeg\" alt=\"O Assa\u00ed deve alongar mais as d\u00edvidas e antecipar pagamentos, se necess\u00e1rio\" \/>O Assa\u00ed deve alongar mais as d\u00edvidas e antecipar pagamentos, se necess\u00e1rio \u2014 Foto: Divulga\u00e7\u00e3o\/Assa\u00ed<\/p>\n<p>A rede de atacarejo Assa\u00ed disse, nesta sexta-feira (8), em teleconfer\u00eancia de resultados com analistas, que busca desenvolver certos projetos para tentar mitigar o efeito negativo de press\u00e3o em volume de vendas, e consumo enfraquecido no mercado de forma geral.<\/p>\n<p>\u201cTemos visto dificuldade do mercado, mas n\u00f3s n\u00e3o estamos parados\u201d, disse Belmiro Gomes, presidente da rede. A empresa citou que ainda h\u00e1 efeito, nos gastos da popula\u00e7\u00e3o, do alto endividamento, de gastos com apostas esportivas e jogos, mesmo com melhora de \u00edndices de emprego no ano.<\/p>\n<p>Nesta semana, o GPA, dono da rede P\u00e3o de A\u00e7\u00facar e do Extra Mercado, tamb\u00e9m destacou piora do ambiente de mercado no segundo trimestre, basicamente em maio e junho.<\/p>\n<p>\u201cProjetos novos e alguns de melhoria operacional, como revis\u00e3o de sortimento de produtos, e de abertura de lojas ainda t\u00eam matura\u00e7\u00e3o a ocorrer. Movimento n\u00e3o \u00e9 uniforme nas lojas. Mas, por exemplo, o fato de atendermos a v\u00e1rias classes, e n\u00e3o apenas de menor renda, n\u00e3o somos mais, como se dizia, um \u2018varej\u00e3o de pobres\u2019, e isso tudo nos ajuda a adicionar ganhos com os projetos que estamos planejando\u201d, afirmou Gomes.<\/p>\n<p>A diretoria disse que, apesar desse cen\u00e1rio, o foco em redu\u00e7\u00e3o de alavancagem, controle de gastos e dilui\u00e7\u00e3o maior de despesas de abril a junho tem trazido condi\u00e7\u00f5es para a rede passar por esse per\u00edodo. \u201cO Assa\u00ed est\u00e1 confort\u00e1vel para atravessar turbul\u00eancias sem novas capta\u00e7\u00f5es, pelo menos em 2026\u201d, disse o diretor financeiro interino, Aymar Giglio Junior.<\/p>\n<p>O Assa\u00ed deve alongar mais as d\u00edvidas e antecipar pagamentos, se necess\u00e1rio.<\/p>\n<p>A receita bruta da empresa subiu 7,2%, para R$ 20,8 bilh\u00f5es de abril a junho, e o lucro l\u00edquido alcan\u00e7ou R$ 264 milh\u00f5es, avan\u00e7o de 60%.<\/p>\n","protected":false},"excerpt":{"rendered":"<p>A rede de atacarejo Assa\u00ed disse, nesta sexta-feira (8), em teleconfer\u00eancia de resultados com analistas, que busca desenvolver certos projetos para tentar mitigar o efeito negativo de press\u00e3o em volume de vendas, e consumo enfraquecido no mercado de forma geral.<\/p>\n","protected":false},"author":5,"featured_media":0,"comment_status":"closed","ping_status":"closed","sticky":false,"template":"","format":"standard","meta":{"_acf_changed":false,"footnotes":""},"categories":[77,56],"tags":[],"class_list":["post-117425","post","type-post","status-publish","format-standard","hentry","category-assai","category-l-founders"],"acf":[],"_links":{"self":[{"href":"https:\/\/monitoramento.spmj.com.br\/noticias\/wp-json\/wp\/v2\/posts\/117425","targetHints":{"allow":["GET"]}}],"collection":[{"href":"https:\/\/monitoramento.spmj.com.br\/noticias\/wp-json\/wp\/v2\/posts"}],"about":[{"href":"https:\/\/monitoramento.spmj.com.br\/noticias\/wp-json\/wp\/v2\/types\/post"}],"author":[{"embeddable":true,"href":"https:\/\/monitoramento.spmj.com.br\/noticias\/wp-json\/wp\/v2\/users\/5"}],"replies":[{"embeddable":true,"href":"https:\/\/monitoramento.spmj.com.br\/noticias\/wp-json\/wp\/v2\/comments?post=117425"}],"version-history":[{"count":1,"href":"https:\/\/monitoramento.spmj.com.br\/noticias\/wp-json\/wp\/v2\/posts\/117425\/revisions"}],"predecessor-version":[{"id":117426,"href":"https:\/\/monitoramento.spmj.com.br\/noticias\/wp-json\/wp\/v2\/posts\/117425\/revisions\/117426"}],"wp:attachment":[{"href":"https:\/\/monitoramento.spmj.com.br\/noticias\/wp-json\/wp\/v2\/media?parent=117425"}],"wp:term":[{"taxonomy":"category","embeddable":true,"href":"https:\/\/monitoramento.spmj.com.br\/noticias\/wp-json\/wp\/v2\/categories?post=117425"},{"taxonomy":"post_tag","embeddable":true,"href":"https:\/\/monitoramento.spmj.com.br\/noticias\/wp-json\/wp\/v2\/tags?post=117425"}],"curies":[{"name":"wp","href":"https:\/\/api.w.org\/{rel}","templated":true}]}}