{"id":115850,"date":"2025-07-01T08:15:36","date_gmt":"2025-07-01T11:15:36","guid":{"rendered":"https:\/\/monitoramento.spmj.com.br\/noticias\/?p=115850"},"modified":"2025-07-01T08:15:36","modified_gmt":"2025-07-01T11:15:36","slug":"entenda-como-esta-a-regra-para-trabalho-em-feriados-de-2025","status":"publish","type":"post","link":"https:\/\/monitoramento.spmj.com.br\/noticias\/2025\/07\/01\/entenda-como-esta-a-regra-para-trabalho-em-feriados-de-2025\/","title":{"rendered":"Entenda como est\u00e1 a regra para trabalho em feriados de 2025"},"content":{"rendered":"<p>A portaria 3.665, do MTE (Minist\u00e9rio do\u00a0<a href=\"https:\/\/www1.folha.uol.com.br\/folha-topicos\/trabalho\/\" target=\"_blank\" rel=\"nofollow noopener\">Trabalho\u00a0<\/a>e Emprego), que exige que o trabalho em feriados seja negociado entre empregadores e trabalhadores por meio de conven\u00e7\u00e3o coletiva, foi adiada pela quinta vez e\u00a0<a href=\"https:\/\/www1.folha.uol.com.br\/mercado\/2025\/06\/governo-adia-regra-que-dificulta-trabalho-em-feriado-para-marco-de-2026.shtml\">ficou para o dia 1\u00ba de mar\u00e7o de 2026<\/a>.<\/p>\n<p>Se o governo n\u00e3o tivesse postergado seu in\u00edcio, come\u00e7aria a valer nesta ter\u00e7a (1\u00ba) a regra que exige que os empregadores s\u00f3 poder\u00e3o escalar funcion\u00e1rios do com\u00e9rcio para trabalhar em feriados se houver autoriza\u00e7\u00e3o do sindicato da categoria.<\/p>\n<div>\n<div class=\"widget-image rs_skip\">\n<figure>\n<div class=\"c-image-aspect-ratio c-image-aspect-ratio--3x2\"><img loading=\"lazy\" decoding=\"async\" class=\"img-responsive c-image-aspect-ratio__image c-lazyload--loaded aligncenter\" src=\"https:\/\/f.i.uol.com.br\/fotografia\/2019\/11\/28\/15749700705de022d64d3bb_1574970070_3x2_md.jpg\" alt=\"\" width=\"725\" height=\"486\" data-srcset=\" https:\/\/f.i.uol.com.br\/fotografia\/2019\/11\/28\/15749700705de022d64d3bb_1574970070_3x2_th.jpg 100w,                  https:\/\/f.i.uol.com.br\/fotografia\/2019\/11\/28\/15749700705de022d64d3bb_1574970070_3x2_xs.jpg 320w,                  https:\/\/f.i.uol.com.br\/fotografia\/2019\/11\/28\/15749700705de022d64d3bb_1574970070_3x2_sm.jpg 480w,                  https:\/\/f.i.uol.com.br\/fotografia\/2019\/11\/28\/15749700705de022d64d3bb_1574970070_3x2_md.jpg 768w,                  https:\/\/f.i.uol.com.br\/fotografia\/2019\/11\/28\/15749700705de022d64d3bb_1574970070_3x2_lg.jpg 1024w,                  https:\/\/f.i.uol.com.br\/fotografia\/2019\/11\/28\/15749700705de022d64d3bb_1574970070_3x2_xl.jpg 1200w,                  https:\/\/f.i.uol.com.br\/fotografia\/2019\/11\/28\/15749700705de022d64d3bb_1574970070_3x2_rt.jpg 2400w \" data-sizes=\"(min-width: 1024px) 850px, 100vw\" data-src=\"https:\/\/f.i.uol.com.br\/fotografia\/2019\/11\/28\/15749700705de022d64d3bb_1574970070_3x2_md.jpg\" \/><\/div><figcaption class=\"widget-image__subtitle\">H\u00e1 grande expectativa para a mudan\u00e7a na portaria por parte do setor de supermercados &#8211;\u00a0<span class=\"widget-image__credits\">Avener Prado &#8211; 24.ago.16\/Folhapress<\/span><\/figcaption><\/figure>\n<\/div>\n<\/div>\n<p>Para o presidente do Sindicato dos Comerci\u00e1rios, Ricardo Patah, o adiamento representa uma &#8220;decep\u00e7\u00e3o&#8221; para os trabalhadores. &#8220;A \u00e1rea do com\u00e9rcio \u00e9 a mais retr\u00f3grada que tem no setor patronal. Eles pagam pouco e exigem muito. A portaria veio para reestabelecer um equil\u00edbrio no setor&#8221;, afirma.<\/p>\n<p>&#8220;O comerci\u00e1rio \u00e9 um servidor p\u00fablico. S\u00f3 n\u00e3o tem os direitos, a estabilidade e a remunera\u00e7\u00e3o adicional, mas trabalha de domingo a domingo para servir \u00e0 popula\u00e7\u00e3o, sem acesso ao lazer, \u00e0 fam\u00edlia, ou \u00e0 pr\u00f3pria vida.&#8221;<\/p>\n<p>Ele atribui o\u00a0<a href=\"https:\/\/www1.folha.uol.com.br\/mercado\/2025\/06\/rejeicao-a-clt-impulsiona-apagao-de-mao-de-obra-na-industria.shtml\">apag\u00e3o de m\u00e3o de obra<\/a>\u00a0nos supermercados \u00e0s condi\u00e7\u00f5es exaustivas de trabalho. Segundo levantado pela Abras (Associa\u00e7\u00e3o Brasileira dos Supermercados), o\u00a0<a href=\"https:\/\/www1.folha.uol.com.br\/mercado\/2025\/03\/supermercados-tem-357-mil-vagas-abertas-no-pais-e-busca-egressos-do-exercito-para-trabalhar.shtml\">setor tem 357 mil vagas abertas no pa\u00eds e chega a buscar egressos do Ex\u00e9rcito<\/a>\u00a0para trabalhar.<\/p>\n<div class=\"player_dynad_tv rs_skip\"><\/div>\n<p>O sindicato diz j\u00e1 ter entrado em contato com Marinho para que a portaria n\u00e3o seja adiada novamente.<\/p>\n<p>Paula Tateishi, assessora da FecomercioSP (Federa\u00e7\u00e3o do Com\u00e9rcio de Bens, Servi\u00e7os e Turismo do Estado de S\u00e3o Paulo), afirma que a entidade patronal orienta os comerciantes a dialogar com o sindicato dos trabalhadores. A recomenda\u00e7\u00e3o seria baseada na lei 10.101, de 2000, que j\u00e1 levava em considera\u00e7\u00e3o as conven\u00e7\u00f5es coletivas.<\/p>\n<p>&#8220;N\u00f3s sempre conversamos com os comerciantes com rela\u00e7\u00e3o \u00e0 seguran\u00e7a jur\u00eddica do trabalho, para n\u00e3o causar implica\u00e7\u00f5es. Por exemplo, para se atentarem \u00e0 legisla\u00e7\u00e3o local, j\u00e1 que alguns munic\u00edpios n\u00e3o permitem a abertura dos com\u00e9rcios em certos feriados&#8221;, diz.<\/p>\n<p>A portaria foi\u00a0<a href=\"https:\/\/www1.folha.uol.com.br\/mercado\/2023\/11\/marinho-derruba-portaria-de-guedes-e-dificulta-trabalho-aos-domingos-e-feriados-no-comercio-setor-reage.shtml\">publicada em novembro de 2023<\/a>\u00a0e pretende revogar uma medida do\u00a0<a href=\"https:\/\/www1.folha.uol.com.br\/folha-topicos\/jair-bolsonaro\/\">ex-presidente Jair Bolsonaro (PL)<\/a>, que\u00a0<a href=\"https:\/\/www1.folha.uol.com.br\/mercado\/2019\/06\/governo-vai-dar-autorizacao-para-trabalho-aos-domingos-e-feriados.shtml\">acabou com a necessidade de qualquer acordo<\/a>; basta apenas convoca\u00e7\u00e3o ou comunicado do empregador ao trabalhador.<\/p>\n<p>O ministro do Trabalho e Emprego, Luiz Marinho,\u00a0<a href=\"https:\/\/www1.folha.uol.com.br\/mercado\/2025\/04\/bancadas-atuam-para-derrubar-restricao-a-trabalho-em-feriados.shtml\">pediu pelo adiamento da portaria ap\u00f3s frentes parlamentares do Com\u00e9rcio e Servi\u00e7os (FCS) e do Empreendedorismo (FPE) atuarem para derrub\u00e1-la<\/a>. A ideia seria ganhar tempo para construir nova regulamenta\u00e7\u00e3o do assunto, abordando as restri\u00e7\u00f5es ao trabalho em feriados e as rela\u00e7\u00f5es sindicais.<\/p>\n<h2 id=\"quais-sao-os-direitos-do-trabalhador-do-comercio-nos-feriados\" class=\"c-news__subtitle\">QUAIS S\u00c3O OS DIREITOS DO TRABALHADOR DO COM\u00c9RCIO NOS FERIADOS?<\/h2>\n<p>A legisla\u00e7\u00e3o brasileira pro\u00edbe o trabalho em feriados nacionais, exceto para as atividades consideradas essenciais, como os setores de\u00a0<a href=\"https:\/\/www1.folha.uol.com.br\/folha-topicos\/saude\/\" target=\"_blank\" rel=\"nofollow noopener\">sa\u00fade<\/a>,\u00a0<a href=\"https:\/\/www1.folha.uol.com.br\/folha-topicos\/industria\/\" target=\"_blank\" rel=\"nofollow noopener\">ind\u00fastria<\/a>,\u00a0<a href=\"https:\/\/www1.folha.uol.com.br\/folha-topicos\/varejo\/\" target=\"_blank\" rel=\"nofollow noopener\">com\u00e9rcio<\/a>,\u00a0<a href=\"https:\/\/www1.folha.uol.com.br\/folha-topicos\/transporte-publico\/\" target=\"_blank\" rel=\"nofollow noopener\">transporte<\/a>,\u00a0<a href=\"https:\/\/www1.folha.uol.com.br\/folha-topicos\/energia-solar\/\" target=\"_blank\" rel=\"nofollow noopener\">energia\u00a0<\/a>e\u00a0<a href=\"https:\/\/www1.folha.uol.com.br\/cotidiano\/mortes\/\" target=\"_blank\" rel=\"nofollow noopener\">funer\u00e1rio<\/a>. Nestes casos, \u00e9 preciso ter uma escala de revezamento organizada de forma mensal, para que os trabalhadores tenham a folga semanal.<\/p>\n<div class=\"c-advertising c-advertising--300x250 u-hidden-xs rs_skip\">\n<div id=\"banner-bottom-materia\" class=\"c-advertising__banner-area\">\n<div id=\"google_ads_iframe_\/27954005\/folha\/mercado_2__container__\"><\/div>\n<\/div>\n<\/div>\n<p>Os profissionais que trabalham nos feriados devem receber pagamento em dobro, caso n\u00e3o haja folga compensat\u00f3ria ou conven\u00e7\u00e3o coletiva da categoria que diga o contr\u00e1rio. Quem tiver d\u00favidas sobre as regras deve procurar o sindicato de sua categoria.<\/p>\n<p>A hora extra do trabalho exercido em domingos e feriados tamb\u00e9m tem c\u00e1lculo diferente. Em dias normais, quando o profissional faz hora extra, deve receber, a cada hora a mais de servi\u00e7o, 50% da remunera\u00e7\u00e3o. Nos feriados, esse pagamento deve ser de 100%.<\/p>\n<p>Para as categorias que t\u00eam regime de 12 horas de trabalho por 36 horas de descanso, se o trabalho cair em feriado, os profissionais j\u00e1 estar\u00e3o compensados e remunerados, conforme prev\u00ea a CLT (Consolida\u00e7\u00e3o das Leis do Trabalho).<\/p>\n<h2 id=\"veja-os-proximos-feriados-de-2025\" class=\"c-news__subtitle\">VEJA OS PR\u00d3XIMOS FERIADOS NACIONAIS E PONTOS FACULTATIVOS DE 2025<\/h2>\n<p><strong>Setembro<\/strong><\/p>\n<ul>\n<li>7 de setembro (domingo): Independ\u00eancia do Brasil &#8211;\u00a0<strong>feriado nacional<\/strong><\/li>\n<\/ul>\n<p><strong>Outubro<\/strong><\/p>\n<div class=\"c-advertising c-advertising--300x250 u-hidden-xs rs_skip\">\n<div id=\"banner-bottom-materia-2\" class=\"c-advertising__banner-area\">\n<div id=\"google_ads_iframe_\/27954005\/folha\/mercado_3__container__\"><\/div>\n<\/div>\n<\/div>\n<ul>\n<li>12 de outubro (domingo): Nossa Senhora Aparecida &#8211;<strong>\u00a0feriado nacional<\/strong><\/li>\n<\/ul>\n<p><strong>Novembro<\/strong><\/p>\n<ul>\n<li>2 de novembro (domingo): Finados &#8211;\u00a0<strong>feriado nacional<\/strong><\/li>\n<li>15 de novembro (s\u00e1bado): Proclama\u00e7\u00e3o da Rep\u00fablica &#8211;\u00a0<strong>feriado nacional<\/strong><\/li>\n<li>20 de novembro (quinta-feira): Dia de Zumbi e da Consci\u00eancia Negra &#8211;\u00a0<strong>feriado nacional<\/strong><\/li>\n<\/ul>\n<p><strong>Dezembro<\/strong><\/p>\n<ul>\n<li>24 de dezembro (quarta-feira): V\u00e9spera de Natal &#8211;\u00a0<strong>ponto facultativo ap\u00f3s as 14h<\/strong><\/li>\n<li>25 de dezembro (quinta-feira): Natal &#8211;\u00a0<strong>feriado nacional<\/strong><\/li>\n<li>31 de dezembro (quarta-feira): V\u00e9spera do Ano-Novo de 2026 &#8211;\u00a0<strong>ponto facultativo ap\u00f3s as 14h<\/strong><\/li>\n<\/ul>\n","protected":false},"excerpt":{"rendered":"<p>A portaria 3.665, do MTE (Minist\u00e9rio do Trabalho e Emprego), que exige que o trabalho em feriados seja negociado entre empregadores e trabalhadores por meio de conven\u00e7\u00e3o coletiva, foi adiada pela quinta vez e ficou para o dia 1\u00ba de mar\u00e7o de 2026.<\/p>\n","protected":false},"author":5,"featured_media":0,"comment_status":"closed","ping_status":"closed","sticky":false,"template":"","format":"standard","meta":{"_acf_changed":false,"footnotes":""},"categories":[44],"tags":[],"class_list":["post-115850","post","type-post","status-publish","format-standard","hentry","category-shopping-patio-higienopolis","estado-sao-paulo"],"acf":[],"_links":{"self":[{"href":"https:\/\/monitoramento.spmj.com.br\/noticias\/wp-json\/wp\/v2\/posts\/115850","targetHints":{"allow":["GET"]}}],"collection":[{"href":"https:\/\/monitoramento.spmj.com.br\/noticias\/wp-json\/wp\/v2\/posts"}],"about":[{"href":"https:\/\/monitoramento.spmj.com.br\/noticias\/wp-json\/wp\/v2\/types\/post"}],"author":[{"embeddable":true,"href":"https:\/\/monitoramento.spmj.com.br\/noticias\/wp-json\/wp\/v2\/users\/5"}],"replies":[{"embeddable":true,"href":"https:\/\/monitoramento.spmj.com.br\/noticias\/wp-json\/wp\/v2\/comments?post=115850"}],"version-history":[{"count":1,"href":"https:\/\/monitoramento.spmj.com.br\/noticias\/wp-json\/wp\/v2\/posts\/115850\/revisions"}],"predecessor-version":[{"id":115851,"href":"https:\/\/monitoramento.spmj.com.br\/noticias\/wp-json\/wp\/v2\/posts\/115850\/revisions\/115851"}],"wp:attachment":[{"href":"https:\/\/monitoramento.spmj.com.br\/noticias\/wp-json\/wp\/v2\/media?parent=115850"}],"wp:term":[{"taxonomy":"category","embeddable":true,"href":"https:\/\/monitoramento.spmj.com.br\/noticias\/wp-json\/wp\/v2\/categories?post=115850"},{"taxonomy":"post_tag","embeddable":true,"href":"https:\/\/monitoramento.spmj.com.br\/noticias\/wp-json\/wp\/v2\/tags?post=115850"}],"curies":[{"name":"wp","href":"https:\/\/api.w.org\/{rel}","templated":true}]}}